{"id":10049,"date":"2026-08-26T09:25:46","date_gmt":"2026-08-26T13:25:46","guid":{"rendered":"https:\/\/rally-theleague.org\/?p=10049"},"modified":"2026-08-26T09:28:07","modified_gmt":"2026-08-26T13:28:07","slug":"el-ice-divide-para-que-el-fascismo-conquiste","status":"publish","type":"post","link":"https:\/\/rally-theleague.org\/es\/el-ice-divide-para-que-el-fascismo-conquiste\/","title":{"rendered":"El ICE Divide Para Que el Fascismo Conquiste"},"content":{"rendered":"<figure id=\"attachment_10043\" aria-describedby=\"caption-attachment-10043\" style=\"width: 1101px\" class=\"wp-caption aligncenter\"><img data-recalc-dims=\"1\" decoding=\"async\" loading=\"lazy\" class=\"size-full wp-image-10043\" src=\"https:\/\/i0.wp.com\/rally-theleague.org\/wp-content\/uploads\/2026\/08\/Rally-Ice-Divids-1a.webp?resize=696%2C463&#038;ssl=1\" alt=\"Los Angeles, CA \u2013 January 10, 2026: Protestor denounces fascist killings of immigrants by U.S. government \/ Photo: Ringo Chiu\" width=\"696\" height=\"463\" srcset=\"https:\/\/i0.wp.com\/rally-theleague.org\/wp-content\/uploads\/2026\/08\/Rally-Ice-Divids-1a.webp?w=1101&amp;ssl=1 1101w, https:\/\/i0.wp.com\/rally-theleague.org\/wp-content\/uploads\/2026\/08\/Rally-Ice-Divids-1a.webp?resize=300%2C200&amp;ssl=1 300w, https:\/\/i0.wp.com\/rally-theleague.org\/wp-content\/uploads\/2026\/08\/Rally-Ice-Divids-1a.webp?resize=1024%2C682&amp;ssl=1 1024w, https:\/\/i0.wp.com\/rally-theleague.org\/wp-content\/uploads\/2026\/08\/Rally-Ice-Divids-1a.webp?resize=768%2C511&amp;ssl=1 768w, https:\/\/i0.wp.com\/rally-theleague.org\/wp-content\/uploads\/2026\/08\/Rally-Ice-Divids-1a.webp?resize=150%2C100&amp;ssl=1 150w, https:\/\/i0.wp.com\/rally-theleague.org\/wp-content\/uploads\/2026\/08\/Rally-Ice-Divids-1a.webp?resize=696%2C463&amp;ssl=1 696w, https:\/\/i0.wp.com\/rally-theleague.org\/wp-content\/uploads\/2026\/08\/Rally-Ice-Divids-1a.webp?resize=1068%2C711&amp;ssl=1 1068w\" sizes=\"auto, (max-width: 696px) 100vw, 696px\" \/><figcaption id=\"caption-attachment-10043\" class=\"wp-caption-text\">Los Angeles, CA \u2013 January 10, 2026: Protestor denounces fascist killings of immigrants by U.S. government \/ Photo: Ringo Chiu<\/figcaption><\/figure>\n<p><span style=\"font-weight: 400;\">Por Siempreviva<\/span><\/p>\n<p><span style=\"font-weight: 400;\">Mucha gente cree que la campa\u00f1a de brutalidad de ICE s\u00f3lo tiene que ver con la supremac\u00eda blanca, pero en realidad deja evidente una estrategia gradual del fascismo dirigida a los inmigrantes de color como v\u00eda de entrada de imponerse a toda la clase trabajadora.\u00a0 ICE (Servicio de Inmigraci\u00f3n y Control de Aduanas) es cada vez m\u00e1s descarado.\u00a0 En Los \u00c1ngeles, sus redadas causaron la muerte de inmigrantes que hu\u00edan.\u00a0 En Chicago, mataron a tiros a un inmigrante e hirieron a un ciudadano estadounidense.\u00a0 Luego en Minneapolis, mataron a dos ciudadanos.\u00a0 \u00bfQu\u00e9 sigue, si ya han empezado a matar impunemente a ciudadanos estadounidenses?<\/span><\/p>\n<p><span style=\"font-weight: 400;\">A su paso el ICE va dejando cicatrices y heridas de un r\u00e9gimen totalitario y ata\u00fades y familias afligidas.\u00a0 <\/span><b>Tenemos que unirnos como clase para derrotarlos.<\/b><b><\/b><b><\/b><b><\/b><b><\/b><b><\/b><b><\/b><b><\/b><b><\/b><b><\/b><b><\/b><b><\/b><b><\/b><b>\u00a0\u00a0<\/b><\/p>\n<p><span style=\"font-weight: 400;\">El n\u00famero de agentes del ICE ha aumentado exponencialmente, al igual que la financiaci\u00f3n gubernamental, gracias al \u00abBig Beautiful Bill\u00bb.\u00a0 \u00a1El Gobierno est\u00e1 gastando la incre\u00edble suma de 200,000 millones de d\u00f3lares en armar a una organizaci\u00f3n cuyo objetivo es matarnos!\u00a0 Se trata de un ataque contra la gente negra e hispana y de color en general, as\u00ed como contra cualquiera que se atreva a plantar cara a este r\u00e9gimen fascista y a su fuerza bruta.\u00a0 Las redadas del ICE son cada vez peores.<\/span><\/p>\n<p><span style=\"font-weight: 400;\">\u00bfQu\u00e9 podemos hacer para proteger a nuestras hermanas y hermanos indocumentados cuando la brutal militarizaci\u00f3n del Estado se intensifica tanto?\u00a0 Tenemos que ayudar a la clase trabajadora a unirse en la lucha contra los fascistas.\u00a0 Y como ciudadanos del mundo, hay que atreverse a forjar la solidaridad internacional con gente de todo el planeta que enfrenta la ofensiva fascista contra los inmigrantes de M\u00e9xico, el Reino Unido y T\u00fanez, entre otros.<\/span><\/p>\n<p><span style=\"font-weight: 400;\">La brutalidad del Gobierno se repite.\u00a0 Cada d\u00eda aparece en la edici\u00f3n estelar de los noticieros otro espantoso caso de deshumanizaci\u00f3n por parte del ICE.\u00a0 Hace poco, ICE detuvo a un periodista por denunciar sus acciones; \u00bfno te recuerda esto a los periodistas que fueron detenidos y \u00abdesaparecidos\u00bb por hacerle frente a sus gobiernos en Argentina y Chile durante los a\u00f1os setenta?\u00a0 Ya ni siquiera reconocemos el pa\u00eds en que vivimos, cuando lo que no deber\u00edamos reconocer son sus actuales acciones.<\/span><\/p>\n<p><span style=\"font-weight: 400;\">Pero aterrorizar y aislar a los inmigrantes hoy no es m\u00e1s que una aplicaci\u00f3n de los m\u00e9todos fascistas de Jim Crow, primero utilizados en el siglo XIX contra los afroamericanos del sur.\u00a0 Esto siempre se ha hecho para dividir estrat\u00e9gicamente a la clase trabajadora en beneficio de la clase dominante.\u00a0 Entonces, ahora m\u00e1s que nunca debemos permanecer unidos.\u00a0<\/span><\/p>\n<p><span style=\"font-weight: 400;\">La causa fundamental tanto del crecimiento explosivo de la poblaci\u00f3n pobre migrante como de los ataques totalitarios lanzados contra ella en un pa\u00eds tras otro es que vivimos en las \u00faltimas etapas del capitalismo.\u00a0 Los avances tecnol\u00f3gicos est\u00e1n sustituyendo de forma permanente a los trabajadores, rindi\u00e9ndolos obsoletos y creando una nueva clase de trabajadores desplazados obligados a buscar empleo en un sistema que ya no los necesita.\u00a0 Entre ellos se encuentran los trabajadores a tiempo parcial, los temporales, los que cobran el salario m\u00ednimo o hasta m\u00e1s bajo y los desempleados y, desproporcionadamente, personas de color, mujeres y j\u00f3venes, junto con un gran n\u00famero de refugiados y migrantes.\u00a0 En Estados Unidos, el legado de la esclavitud hace que los afroamericanos constituyan el n\u00facleo de las crecientes filas de esta clase, que lucha por sobrevivir al fin del trabajo sostenible.<\/span><\/p>\n<p><span style=\"font-weight: 400;\">Ahora bien, la llegada de la IA (inteligencia artificial) supone algo que va m\u00e1s all\u00e1 incluso de la rob\u00f3tica:\u00a0 una automatizaci\u00f3n que sustituye la intervenci\u00f3n humana a un nivel mayor todav\u00eda.\u00a0 A medida que el sistema de propiedad privada, que nos explota, nos sustituye por nuevas tecnolog\u00edas, el gobierno y las empresas tienen que intentar convertir en enemigos a los indocumentados y a otros grupos raciales, culp\u00e1ndolos por la falta de empleo.<\/span><\/p>\n<p><span style=\"font-weight: 400;\">Afortunadamente, est\u00e1n surgiendo h\u00e9roes de todos los sectores de nuestra sociedad alzando la voz contra este r\u00e9gimen fascista.\u00a0 Se han llevado a cabo acciones eficaces contra el ICE, manifestaciones masivas y paros escolares.\u00a0 La organizaci\u00f3n de grupos de respuesta r\u00e1pida en todo el pa\u00eds tambi\u00e9n resulta inspiradora.\u00a0 Pero hay que hacer m\u00e1s, porque a\u00fan no los hemos detenido, y hay que detenerlos.<\/span><\/p>\n<p><span style=\"font-weight: 400;\">Habla con nosotros.\u00a0 Estamos listos para apoyarte.\u00a0<\/span><\/p>\n<p><b><\/b><b><\/b><b><\/b><b><\/b><b><\/b><b><\/b><b><\/b><b><\/b><b><\/b><b><\/b><b><\/b><b><\/b><b><\/b><b>Publicado el 26 de agosto<\/b><b>\u00a0de 2026.<\/b><b><\/b><b><\/b><b><\/b><b><\/b><b><\/b><b><\/b><b><\/b><b><\/b><b><\/b><b><\/b><b><\/b><b><\/b><b><\/b><\/p>\n<p><i><\/i><i><\/i><i><\/i><i><\/i><i><\/i><i><\/i><i><span style=\"font-weight: 400;\">\u00a1Agrup\u00e9monos! <\/span><\/i><span style=\"font-weight: 400;\">CORREOS.<\/span><span style=\"font-weight: 400;\"> Caja 408002\u00a0<\/span><\/p>\n<p><span style=\"font-weight: 400;\">Chicago, IL 60640<\/span><\/p>\n<p><a href=\"mailto:rally@lrna.org\"><span style=\"font-weight: 400;\">rally@lrna.org<\/span><\/a><\/p>\n<p><span style=\"font-weight: 400;\">Licensiado bajo licencia Creative Commons Attribution 4.0 Licencia Internacional.<\/span><\/p>\n<p><span style=\"font-weight: 400;\">Favor<\/span><span style=\"font-weight: 400;\"> de incluir este mensajo con cualquier reproducci\u00f3n.<\/span><\/p>\n","protected":false},"excerpt":{"rendered":"<p>Mientras capitalistas reemplacen a los trabajadores con nuevas tecnolog\u00edas, culpan a los indocumentados de la falta de empleo. H\u00e9roes est\u00e1n alzando su voz en contra de esto.<\/p>\n","protected":false},"author":11,"featured_media":10043,"comment_status":"open","ping_status":"open","sticky":false,"template":"","format":"standard","meta":{"nf_dc_page":"","footnotes":"","jetpack_post_was_ever_published":false},"categories":[339,218,211,228,357,204],"tags":[],"class_list":["post-10049","post","type-post","status-publish","format-standard","has-post-thumbnail","category-articulo-destacado-espanol","category-el-fascismo-hoy","category-inmigracion-migracion","category-racismo","category-spotlight-english-es","category-tecnologia-produccion-sin-mano-de-obra"],"aioseo_notices":[],"aioseo_head":"\n\t\t<!-- All in One SEO Pro 5.0.1.1 - aioseo.com -->\n\t<meta name=\"description\" content=\"Mientras capitalistas reemplacen a los trabajadores con nuevas tecnolog\u00edas, culpan a los indocumentados de la falta de empleo. H\u00e9roes est\u00e1n alzando su voz en contra de esto. Mientras capitalistas reemplacen a los trabajadores con nuevas tecnolog\u00edas, culpan a los indocumentados de la falta de empleo. H\u00e9roes est\u00e1n alzando su voz en contra de esto.\" \/>\n\t<meta name=\"robots\" content=\"max-image-preview:large\" \/>\n\t<meta name=\"author\" content=\"Brandon TekNoid\"\/>\n\t<meta name=\"google-site-verification\" content=\"1XxvXmRwhGwQ0tsTTsKXy5R4fvTuv8OVEYVOEuqEAyA\" \/>\n\t<meta name=\"keywords\" content=\"art\u00edculo destacado - espa\u00f1ol,el fascismo hoy,inmigraci\u00f3n \/ migraci\u00f3n,racismo,spotlight &#8211; english,tecnolog\u00eda \/ producci\u00f3n sin mano de obra\" \/>\n\t<link rel=\"canonical\" href=\"https:\/\/rally-theleague.org\/es\/el-ice-divide-para-que-el-fascismo-conquiste\/\" \/>\n\t<meta name=\"generator\" content=\"All in One SEO Pro (AIOSEO) 5.0.1.1\" \/>\n\t\t<meta property=\"og:locale\" content=\"es_ES\" \/>\n\t\t<meta property=\"og:site_name\" content=\"Agrupemonos - Voz de la Liga de Revolucionarios por una Nueva Am\u00e9rica - Uniendo las luchas por las necesidades humanas y por el planeta con una visi\u00f3n de cambio revolucionario\" \/>\n\t\t<meta property=\"og:type\" content=\"article\" \/>\n\t\t<meta property=\"og:title\" content=\"El ICE Divide Para Que el Fascismo Conquiste - Agrupemonos - Voz de la Liga de Revolucionarios por una Nueva Am\u00e9rica\" \/>\n\t\t<meta property=\"og:description\" content=\"Mientras capitalistas reemplacen a los trabajadores con nuevas tecnolog\u00edas, culpan a los indocumentados de la falta de empleo. H\u00e9roes est\u00e1n alzando su voz en contra de esto. Mientras capitalistas reemplacen a los trabajadores con nuevas tecnolog\u00edas, culpan a los indocumentados de la falta de empleo. H\u00e9roes est\u00e1n alzando su voz en contra de esto.\" \/>\n\t\t<meta property=\"og:url\" content=\"https:\/\/rally-theleague.org\/es\/el-ice-divide-para-que-el-fascismo-conquiste\/\" \/>\n\t\t<meta property=\"article:published_time\" content=\"2026-08-26T13:25:46+00:00\" \/>\n\t\t<meta property=\"article:modified_time\" content=\"2026-08-26T13:28:07+00:00\" \/>\n\t\t<meta name=\"twitter:card\" content=\"summary_large_image\" \/>\n\t\t<meta name=\"twitter:title\" content=\"El ICE Divide Para Que el Fascismo Conquiste - Agrupemonos - Voz de la Liga de Revolucionarios por una Nueva Am\u00e9rica\" \/>\n\t\t<meta name=\"twitter:description\" content=\"Mientras capitalistas reemplacen a los trabajadores con nuevas tecnolog\u00edas, culpan a los indocumentados de la falta de empleo. H\u00e9roes est\u00e1n alzando su voz en contra de esto. Mientras capitalistas reemplacen a los trabajadores con nuevas tecnolog\u00edas, culpan a los indocumentados de la falta de empleo. H\u00e9roes est\u00e1n alzando su voz en contra de esto.\" \/>\n\t\t<script type=\"application\/ld+json\" class=\"aioseo-schema\">\n\t\t\t{\"@context\":\"https:\\\/\\\/schema.org\",\"@graph\":[{\"@type\":\"BlogPosting\",\"@id\":\"https:\\\/\\\/rally-theleague.org\\\/es\\\/el-ice-divide-para-que-el-fascismo-conquiste\\\/#blogposting\",\"name\":\"El ICE Divide Para Que el Fascismo Conquiste - Agrupemonos - Voz de la Liga de Revolucionarios por una Nueva Am\\u00e9rica\",\"headline\":\"El ICE Divide Para Que el Fascismo Conquiste\",\"author\":{\"@id\":\"https:\\\/\\\/rally-theleague.org\\\/es\\\/author\\\/brandon-teknoid\\\/#author\"},\"publisher\":{\"@id\":\"https:\\\/\\\/rally-theleague.org\\\/es\\\/#organization\"},\"image\":{\"@type\":\"ImageObject\",\"url\":\"https:\\\/\\\/i0.wp.com\\\/rally-theleague.org\\\/wp-content\\\/uploads\\\/2026\\\/08\\\/Rally-Ice-Divids-1a.webp?fit=1101%2C733&ssl=1\",\"width\":1101,\"height\":733,\"caption\":\"Los Angeles, CA \\u2013 January 10, 2026: Protestor denounces fascist killings of immigrants by U.S. government \\\/ Photo: Ringo Chiu\"},\"datePublished\":\"2026-08-26T09:25:46-04:00\",\"dateModified\":\"2026-08-26T09:28:07-04:00\",\"inLanguage\":\"es-ES\",\"mainEntityOfPage\":{\"@id\":\"https:\\\/\\\/rally-theleague.org\\\/es\\\/el-ice-divide-para-que-el-fascismo-conquiste\\\/#webpage\"},\"isPartOf\":{\"@id\":\"https:\\\/\\\/rally-theleague.org\\\/es\\\/el-ice-divide-para-que-el-fascismo-conquiste\\\/#webpage\"},\"articleSection\":\"Art\\u00edculo destacado - Espa\\u00f1ol, El fascismo hoy, Inmigraci\\u00f3n \\\/ Migraci\\u00f3n, Racismo, Spotlight &#8211; English, Tecnolog\\u00eda \\\/ Producci\\u00f3n sin mano de obra, Opcional\"},{\"@type\":\"BreadcrumbList\",\"@id\":\"https:\\\/\\\/rally-theleague.org\\\/es\\\/el-ice-divide-para-que-el-fascismo-conquiste\\\/#breadcrumblist\",\"itemListElement\":[{\"@type\":\"ListItem\",\"@id\":\"https:\\\/\\\/rally-theleague.org\\\/es\\\/#listItem\",\"position\":1,\"name\":\"Home\",\"item\":\"https:\\\/\\\/rally-theleague.org\\\/es\\\/\",\"nextItem\":{\"@type\":\"ListItem\",\"@id\":\"https:\\\/\\\/rally-theleague.org\\\/es\\\/category\\\/sistema-de-clase-capitalista\\\/#listItem\",\"name\":\"Sistema de clase capitalista\"}},{\"@type\":\"ListItem\",\"@id\":\"https:\\\/\\\/rally-theleague.org\\\/es\\\/category\\\/sistema-de-clase-capitalista\\\/#listItem\",\"position\":2,\"name\":\"Sistema de clase capitalista\",\"item\":\"https:\\\/\\\/rally-theleague.org\\\/es\\\/category\\\/sistema-de-clase-capitalista\\\/\",\"nextItem\":{\"@type\":\"ListItem\",\"@id\":\"https:\\\/\\\/rally-theleague.org\\\/es\\\/category\\\/sistema-de-clase-capitalista\\\/tecnologia-produccion-sin-mano-de-obra\\\/#listItem\",\"name\":\"Tecnolog\\u00eda \\\/ Producci\\u00f3n sin mano de obra\"},\"previousItem\":{\"@type\":\"ListItem\",\"@id\":\"https:\\\/\\\/rally-theleague.org\\\/es\\\/#listItem\",\"name\":\"Home\"}},{\"@type\":\"ListItem\",\"@id\":\"https:\\\/\\\/rally-theleague.org\\\/es\\\/category\\\/sistema-de-clase-capitalista\\\/tecnologia-produccion-sin-mano-de-obra\\\/#listItem\",\"position\":3,\"name\":\"Tecnolog\\u00eda \\\/ Producci\\u00f3n sin mano de obra\",\"item\":\"https:\\\/\\\/rally-theleague.org\\\/es\\\/category\\\/sistema-de-clase-capitalista\\\/tecnologia-produccion-sin-mano-de-obra\\\/\",\"nextItem\":{\"@type\":\"ListItem\",\"@id\":\"https:\\\/\\\/rally-theleague.org\\\/es\\\/el-ice-divide-para-que-el-fascismo-conquiste\\\/#listItem\",\"name\":\"El ICE Divide Para Que el Fascismo Conquiste\"},\"previousItem\":{\"@type\":\"ListItem\",\"@id\":\"https:\\\/\\\/rally-theleague.org\\\/es\\\/category\\\/sistema-de-clase-capitalista\\\/#listItem\",\"name\":\"Sistema de clase capitalista\"}},{\"@type\":\"ListItem\",\"@id\":\"https:\\\/\\\/rally-theleague.org\\\/es\\\/el-ice-divide-para-que-el-fascismo-conquiste\\\/#listItem\",\"position\":4,\"name\":\"El ICE Divide Para Que el Fascismo Conquiste\",\"previousItem\":{\"@type\":\"ListItem\",\"@id\":\"https:\\\/\\\/rally-theleague.org\\\/es\\\/category\\\/sistema-de-clase-capitalista\\\/tecnologia-produccion-sin-mano-de-obra\\\/#listItem\",\"name\":\"Tecnolog\\u00eda \\\/ Producci\\u00f3n sin mano de obra\"}}]},{\"@type\":\"Organization\",\"@id\":\"https:\\\/\\\/rally-theleague.org\\\/es\\\/#organization\",\"name\":\"Agrupemonos - Voz de la Liga de Revolucionarios por una Nueva Am\\u00e9rica\",\"description\":\"Uniendo las luchas por las necesidades humanas y por el planeta con una visi\\u00f3n de cambio revolucionario\",\"url\":\"https:\\\/\\\/rally-theleague.org\\\/es\\\/\",\"telephone\":\"+12699031659\"},{\"@type\":\"Person\",\"@id\":\"https:\\\/\\\/rally-theleague.org\\\/es\\\/author\\\/brandon-teknoid\\\/#author\",\"url\":\"https:\\\/\\\/rally-theleague.org\\\/es\\\/author\\\/brandon-teknoid\\\/\",\"name\":\"Brandon TekNoid\",\"image\":{\"@type\":\"ImageObject\",\"@id\":\"https:\\\/\\\/rally-theleague.org\\\/es\\\/el-ice-divide-para-que-el-fascismo-conquiste\\\/#authorImage\",\"url\":\"https:\\\/\\\/secure.gravatar.com\\\/avatar\\\/0d3e7f006a79d1f81216ec95f6a0372cdf5ee7c86ed3704f221f26ce0bd2673c?s=96&d=mm&r=g\",\"width\":96,\"height\":96,\"caption\":\"Brandon TekNoid\"}},{\"@type\":\"WebPage\",\"@id\":\"https:\\\/\\\/rally-theleague.org\\\/es\\\/el-ice-divide-para-que-el-fascismo-conquiste\\\/#webpage\",\"url\":\"https:\\\/\\\/rally-theleague.org\\\/es\\\/el-ice-divide-para-que-el-fascismo-conquiste\\\/\",\"name\":\"El ICE Divide Para Que el Fascismo Conquiste - Agrupemonos - Voz de la Liga de Revolucionarios por una Nueva Am\\u00e9rica\",\"description\":\"Mientras capitalistas reemplacen a los trabajadores con nuevas tecnolog\\u00edas, culpan a los indocumentados de la falta de empleo. H\\u00e9roes est\\u00e1n alzando su voz en contra de esto. Mientras capitalistas reemplacen a los trabajadores con nuevas tecnolog\\u00edas, culpan a los indocumentados de la falta de empleo. H\\u00e9roes est\\u00e1n alzando su voz en contra de esto.\",\"inLanguage\":\"es-ES\",\"isPartOf\":{\"@id\":\"https:\\\/\\\/rally-theleague.org\\\/es\\\/#website\"},\"breadcrumb\":{\"@id\":\"https:\\\/\\\/rally-theleague.org\\\/es\\\/el-ice-divide-para-que-el-fascismo-conquiste\\\/#breadcrumblist\"},\"author\":{\"@id\":\"https:\\\/\\\/rally-theleague.org\\\/es\\\/author\\\/brandon-teknoid\\\/#author\"},\"creator\":{\"@id\":\"https:\\\/\\\/rally-theleague.org\\\/es\\\/author\\\/brandon-teknoid\\\/#author\"},\"image\":{\"@type\":\"ImageObject\",\"url\":\"https:\\\/\\\/i0.wp.com\\\/rally-theleague.org\\\/wp-content\\\/uploads\\\/2026\\\/08\\\/Rally-Ice-Divids-1a.webp?fit=1101%2C733&ssl=1\",\"@id\":\"https:\\\/\\\/rally-theleague.org\\\/es\\\/el-ice-divide-para-que-el-fascismo-conquiste\\\/#mainImage\",\"width\":1101,\"height\":733,\"caption\":\"Los Angeles, CA \\u2013 January 10, 2026: Protestor denounces fascist killings of immigrants by U.S. government \\\/ Photo: Ringo Chiu\"},\"primaryImageOfPage\":{\"@id\":\"https:\\\/\\\/rally-theleague.org\\\/es\\\/el-ice-divide-para-que-el-fascismo-conquiste\\\/#mainImage\"},\"datePublished\":\"2026-08-26T09:25:46-04:00\",\"dateModified\":\"2026-08-26T09:28:07-04:00\"},{\"@type\":\"WebSite\",\"@id\":\"https:\\\/\\\/rally-theleague.org\\\/es\\\/#website\",\"url\":\"https:\\\/\\\/rally-theleague.org\\\/es\\\/\",\"name\":\"Agrupemonos - Voz de la Liga de Revolucionarios por una Nueva Am\\u00e9rica\",\"alternateName\":\"Rally!\",\"description\":\"Uniendo las luchas por las necesidades humanas y por el planeta con una visi\\u00f3n de cambio revolucionario\",\"inLanguage\":\"es-ES\",\"publisher\":{\"@id\":\"https:\\\/\\\/rally-theleague.org\\\/es\\\/#organization\"}}]}\n\t\t<\/script>\n\t\t<!-- All in One SEO Pro -->\r\n\t\t<title>El ICE Divide Para Que el Fascismo Conquiste - Agrupemonos - Voz de la Liga de Revolucionarios por una Nueva Am\u00e9rica<\/title>\n\n","aioseo_head_json":{"title":"El ICE Divide Para Que el Fascismo Conquiste - Agrupemonos - Voz de la Liga de Revolucionarios por una Nueva Am\u00e9rica","description":"Mientras capitalistas reemplacen a los trabajadores con nuevas tecnolog\u00edas, culpan a los indocumentados de la falta de empleo. H\u00e9roes est\u00e1n alzando su voz en contra de esto. Mientras capitalistas reemplacen a los trabajadores con nuevas tecnolog\u00edas, culpan a los indocumentados de la falta de empleo. H\u00e9roes est\u00e1n alzando su voz en contra de esto.","canonical_url":"https:\/\/rally-theleague.org\/es\/el-ice-divide-para-que-el-fascismo-conquiste\/","robots":"max-image-preview:large","keywords":"art\u00edculo destacado - espa\u00f1ol,el fascismo hoy,inmigraci\u00f3n \/ migraci\u00f3n,racismo,spotlight &#8211; english,tecnolog\u00eda \/ producci\u00f3n sin mano de obra","webmasterTools":{"google-site-verification":"1XxvXmRwhGwQ0tsTTsKXy5R4fvTuv8OVEYVOEuqEAyA","miscellaneous":""},"schema":{"@context":"https:\/\/schema.org","@graph":[{"@type":"BlogPosting","@id":"https:\/\/rally-theleague.org\/es\/el-ice-divide-para-que-el-fascismo-conquiste\/#blogposting","name":"El ICE Divide Para Que el Fascismo Conquiste - Agrupemonos - Voz de la Liga de Revolucionarios por una Nueva Am\u00e9rica","headline":"El ICE Divide Para Que el Fascismo Conquiste","author":{"@id":"https:\/\/rally-theleague.org\/es\/author\/brandon-teknoid\/#author"},"publisher":{"@id":"https:\/\/rally-theleague.org\/es\/#organization"},"image":{"@type":"ImageObject","url":"https:\/\/i0.wp.com\/rally-theleague.org\/wp-content\/uploads\/2026\/08\/Rally-Ice-Divids-1a.webp?fit=1101%2C733&ssl=1","width":1101,"height":733,"caption":"Los Angeles, CA \u2013 January 10, 2026: Protestor denounces fascist killings of immigrants by U.S. government \/ Photo: Ringo Chiu"},"datePublished":"2026-08-26T09:25:46-04:00","dateModified":"2026-08-26T09:28:07-04:00","inLanguage":"es-ES","mainEntityOfPage":{"@id":"https:\/\/rally-theleague.org\/es\/el-ice-divide-para-que-el-fascismo-conquiste\/#webpage"},"isPartOf":{"@id":"https:\/\/rally-theleague.org\/es\/el-ice-divide-para-que-el-fascismo-conquiste\/#webpage"},"articleSection":"Art\u00edculo destacado - Espa\u00f1ol, El fascismo hoy, Inmigraci\u00f3n \/ Migraci\u00f3n, Racismo, Spotlight &#8211; English, Tecnolog\u00eda \/ Producci\u00f3n sin mano de obra, Opcional"},{"@type":"BreadcrumbList","@id":"https:\/\/rally-theleague.org\/es\/el-ice-divide-para-que-el-fascismo-conquiste\/#breadcrumblist","itemListElement":[{"@type":"ListItem","@id":"https:\/\/rally-theleague.org\/es\/#listItem","position":1,"name":"Home","item":"https:\/\/rally-theleague.org\/es\/","nextItem":{"@type":"ListItem","@id":"https:\/\/rally-theleague.org\/es\/category\/sistema-de-clase-capitalista\/#listItem","name":"Sistema de clase capitalista"}},{"@type":"ListItem","@id":"https:\/\/rally-theleague.org\/es\/category\/sistema-de-clase-capitalista\/#listItem","position":2,"name":"Sistema de clase capitalista","item":"https:\/\/rally-theleague.org\/es\/category\/sistema-de-clase-capitalista\/","nextItem":{"@type":"ListItem","@id":"https:\/\/rally-theleague.org\/es\/category\/sistema-de-clase-capitalista\/tecnologia-produccion-sin-mano-de-obra\/#listItem","name":"Tecnolog\u00eda \/ Producci\u00f3n sin mano de obra"},"previousItem":{"@type":"ListItem","@id":"https:\/\/rally-theleague.org\/es\/#listItem","name":"Home"}},{"@type":"ListItem","@id":"https:\/\/rally-theleague.org\/es\/category\/sistema-de-clase-capitalista\/tecnologia-produccion-sin-mano-de-obra\/#listItem","position":3,"name":"Tecnolog\u00eda \/ Producci\u00f3n sin mano de obra","item":"https:\/\/rally-theleague.org\/es\/category\/sistema-de-clase-capitalista\/tecnologia-produccion-sin-mano-de-obra\/","nextItem":{"@type":"ListItem","@id":"https:\/\/rally-theleague.org\/es\/el-ice-divide-para-que-el-fascismo-conquiste\/#listItem","name":"El ICE Divide Para Que el Fascismo Conquiste"},"previousItem":{"@type":"ListItem","@id":"https:\/\/rally-theleague.org\/es\/category\/sistema-de-clase-capitalista\/#listItem","name":"Sistema de clase capitalista"}},{"@type":"ListItem","@id":"https:\/\/rally-theleague.org\/es\/el-ice-divide-para-que-el-fascismo-conquiste\/#listItem","position":4,"name":"El ICE Divide Para Que el Fascismo Conquiste","previousItem":{"@type":"ListItem","@id":"https:\/\/rally-theleague.org\/es\/category\/sistema-de-clase-capitalista\/tecnologia-produccion-sin-mano-de-obra\/#listItem","name":"Tecnolog\u00eda \/ Producci\u00f3n sin mano de obra"}}]},{"@type":"Organization","@id":"https:\/\/rally-theleague.org\/es\/#organization","name":"Agrupemonos - Voz de la Liga de Revolucionarios por una Nueva Am\u00e9rica","description":"Uniendo las luchas por las necesidades humanas y por el planeta con una visi\u00f3n de cambio revolucionario","url":"https:\/\/rally-theleague.org\/es\/","telephone":"+12699031659"},{"@type":"Person","@id":"https:\/\/rally-theleague.org\/es\/author\/brandon-teknoid\/#author","url":"https:\/\/rally-theleague.org\/es\/author\/brandon-teknoid\/","name":"Brandon TekNoid","image":{"@type":"ImageObject","@id":"https:\/\/rally-theleague.org\/es\/el-ice-divide-para-que-el-fascismo-conquiste\/#authorImage","url":"https:\/\/secure.gravatar.com\/avatar\/0d3e7f006a79d1f81216ec95f6a0372cdf5ee7c86ed3704f221f26ce0bd2673c?s=96&d=mm&r=g","width":96,"height":96,"caption":"Brandon TekNoid"}},{"@type":"WebPage","@id":"https:\/\/rally-theleague.org\/es\/el-ice-divide-para-que-el-fascismo-conquiste\/#webpage","url":"https:\/\/rally-theleague.org\/es\/el-ice-divide-para-que-el-fascismo-conquiste\/","name":"El ICE Divide Para Que el Fascismo Conquiste - Agrupemonos - Voz de la Liga de Revolucionarios por una Nueva Am\u00e9rica","description":"Mientras capitalistas reemplacen a los trabajadores con nuevas tecnolog\u00edas, culpan a los indocumentados de la falta de empleo. H\u00e9roes est\u00e1n alzando su voz en contra de esto. Mientras capitalistas reemplacen a los trabajadores con nuevas tecnolog\u00edas, culpan a los indocumentados de la falta de empleo. H\u00e9roes est\u00e1n alzando su voz en contra de esto.","inLanguage":"es-ES","isPartOf":{"@id":"https:\/\/rally-theleague.org\/es\/#website"},"breadcrumb":{"@id":"https:\/\/rally-theleague.org\/es\/el-ice-divide-para-que-el-fascismo-conquiste\/#breadcrumblist"},"author":{"@id":"https:\/\/rally-theleague.org\/es\/author\/brandon-teknoid\/#author"},"creator":{"@id":"https:\/\/rally-theleague.org\/es\/author\/brandon-teknoid\/#author"},"image":{"@type":"ImageObject","url":"https:\/\/i0.wp.com\/rally-theleague.org\/wp-content\/uploads\/2026\/08\/Rally-Ice-Divids-1a.webp?fit=1101%2C733&ssl=1","@id":"https:\/\/rally-theleague.org\/es\/el-ice-divide-para-que-el-fascismo-conquiste\/#mainImage","width":1101,"height":733,"caption":"Los Angeles, CA \u2013 January 10, 2026: Protestor denounces fascist killings of immigrants by U.S. government \/ Photo: Ringo Chiu"},"primaryImageOfPage":{"@id":"https:\/\/rally-theleague.org\/es\/el-ice-divide-para-que-el-fascismo-conquiste\/#mainImage"},"datePublished":"2026-08-26T09:25:46-04:00","dateModified":"2026-08-26T09:28:07-04:00"},{"@type":"WebSite","@id":"https:\/\/rally-theleague.org\/es\/#website","url":"https:\/\/rally-theleague.org\/es\/","name":"Agrupemonos - Voz de la Liga de Revolucionarios por una Nueva Am\u00e9rica","alternateName":"Rally!","description":"Uniendo las luchas por las necesidades humanas y por el planeta con una visi\u00f3n de cambio revolucionario","inLanguage":"es-ES","publisher":{"@id":"https:\/\/rally-theleague.org\/es\/#organization"}}]},"og:locale":"es_ES","og:site_name":"Agrupemonos - Voz de la Liga de Revolucionarios por una Nueva Am\u00e9rica - Uniendo las luchas por las necesidades humanas y por el planeta con una visi\u00f3n de cambio revolucionario","og:type":"article","og:title":"El ICE Divide Para Que el Fascismo Conquiste - Agrupemonos - Voz de la Liga de Revolucionarios por una Nueva Am\u00e9rica","og:description":"Mientras capitalistas reemplacen a los trabajadores con nuevas tecnolog\u00edas, culpan a los indocumentados de la falta de empleo. H\u00e9roes est\u00e1n alzando su voz en contra de esto. Mientras capitalistas reemplacen a los trabajadores con nuevas tecnolog\u00edas, culpan a los indocumentados de la falta de empleo. H\u00e9roes est\u00e1n alzando su voz en contra de esto.","og:url":"https:\/\/rally-theleague.org\/es\/el-ice-divide-para-que-el-fascismo-conquiste\/","article:published_time":"2026-08-26T13:25:46+00:00","article:modified_time":"2026-08-26T13:28:07+00:00","twitter:card":"summary_large_image","twitter:title":"El ICE Divide Para Que el Fascismo Conquiste - Agrupemonos - Voz de la Liga de Revolucionarios por una Nueva Am\u00e9rica","twitter:description":"Mientras capitalistas reemplacen a los trabajadores con nuevas tecnolog\u00edas, culpan a los indocumentados de la falta de empleo. H\u00e9roes est\u00e1n alzando su voz en contra de esto. Mientras capitalistas reemplacen a los trabajadores con nuevas tecnolog\u00edas, culpan a los indocumentados de la falta de empleo. H\u00e9roes est\u00e1n alzando su voz en contra de esto."},"aioseo_meta_data":{"post_id":"10049","title":null,"description":"#post_excerpt Mientras capitalistas reemplacen a los trabajadores con nuevas tecnolog\u00edas, culpan a los indocumentados de la falta de empleo. H\u00e9roes est\u00e1n alzando su voz en contra de esto.","keywords":null,"keyphrases":{"focus":{"keyphrase":"","score":0,"analysis":{"keyphraseInTitle":{"score":0,"maxScore":9,"error":1}}},"additional":[]},"primary_term":null,"canonical_url":null,"og_title":null,"og_description":null,"og_object_type":"default","og_image_type":"default","og_image_url":null,"og_image_width":null,"og_image_height":null,"og_image_custom_url":null,"og_image_custom_fields":null,"og_video":"","og_custom_url":null,"og_article_section":null,"og_article_tags":null,"twitter_use_og":false,"twitter_card":"default","twitter_image_type":"default","twitter_image_url":null,"twitter_image_custom_url":null,"twitter_image_custom_fields":null,"twitter_title":null,"twitter_description":null,"schema":{"blockGraphs":[],"customGraphs":[],"default":{"data":{"Article":[],"Course":[],"Dataset":[],"FAQPage":[],"Movie":[],"Person":[],"Product":[],"ProductReview":[],"Car":[],"Recipe":[],"Service":[],"SoftwareApplication":[],"WebPage":[]},"graphName":"BlogPosting","isEnabled":true},"graphs":[]},"schema_type":"default","schema_type_options":null,"pillar_content":false,"robots_default":true,"robots_noindex":false,"robots_noarchive":false,"robots_nosnippet":false,"robots_nofollow":false,"robots_noimageindex":false,"robots_noodp":false,"robots_notranslate":false,"robots_max_snippet":"-1","robots_max_videopreview":"-1","robots_max_imagepreview":"large","priority":null,"frequency":"default","local_seo":null,"seo_analyzer_scan_date":"2026-08-26 13:29:14","breadcrumb_settings":null,"limit_modified_date":false,"open_ai":null,"ai":{"faqs":[],"keyPoints":[],"schemas":[],"titles":[],"descriptions":[],"socialPosts":{"email":{"subject":"","preview":"","content":""},"linkedin":[],"twitter":[],"facebook":[],"instagram":[]}},"created":"2026-08-26 13:16:12","updated":"2026-08-26 19:48:13","focus_keyword":null,"additional_keywords":null,"truseo_locale":null},"aioseo_breadcrumb":"<div class=\"aioseo-breadcrumbs\"><span class=\"aioseo-breadcrumb\">\n\t<a href=\"https:\/\/rally-theleague.org\/es\/\" title=\"Home\">Home<\/a>\n<\/span><span class=\"aioseo-breadcrumb-separator\">&raquo;<\/span><span class=\"aioseo-breadcrumb\">\n\t<a href=\"https:\/\/rally-theleague.org\/es\/category\/sistema-de-clase-capitalista\/\" title=\"Sistema de clase capitalista\">Sistema de clase capitalista<\/a>\n<\/span><span class=\"aioseo-breadcrumb-separator\">&raquo;<\/span><span class=\"aioseo-breadcrumb\">\n\t<a href=\"https:\/\/rally-theleague.org\/es\/category\/sistema-de-clase-capitalista\/tecnologia-produccion-sin-mano-de-obra\/\" title=\"Tecnolog\u00eda \/ Producci\u00f3n sin mano de obra\">Tecnolog\u00eda \/ Producci\u00f3n sin mano de obra<\/a>\n<\/span><span class=\"aioseo-breadcrumb-separator\">&raquo;<\/span><span class=\"aioseo-breadcrumb\">\n\tEl ICE Divide Para Que el Fascismo Conquiste\n<\/span><\/div>","aioseo_breadcrumb_json":[{"label":"Home","link":"https:\/\/rally-theleague.org\/es\/"},{"label":"Sistema de clase capitalista","link":"https:\/\/rally-theleague.org\/es\/category\/sistema-de-clase-capitalista\/"},{"label":"Tecnolog\u00eda \/ Producci\u00f3n sin mano de obra","link":"https:\/\/rally-theleague.org\/es\/category\/sistema-de-clase-capitalista\/tecnologia-produccion-sin-mano-de-obra\/"},{"label":"El ICE Divide Para Que el Fascismo Conquiste","link":"https:\/\/rally-theleague.org\/es\/el-ice-divide-para-que-el-fascismo-conquiste\/"}],"jetpack_featured_media_url":"https:\/\/i0.wp.com\/rally-theleague.org\/wp-content\/uploads\/2026\/08\/Rally-Ice-Divids-1a.webp?fit=1101%2C733&ssl=1","_links":{"self":[{"href":"https:\/\/rally-theleague.org\/es\/wp-json\/wp\/v2\/posts\/10049","targetHints":{"allow":["GET"]}}],"collection":[{"href":"https:\/\/rally-theleague.org\/es\/wp-json\/wp\/v2\/posts"}],"about":[{"href":"https:\/\/rally-theleague.org\/es\/wp-json\/wp\/v2\/types\/post"}],"author":[{"embeddable":true,"href":"https:\/\/rally-theleague.org\/es\/wp-json\/wp\/v2\/users\/11"}],"replies":[{"embeddable":true,"href":"https:\/\/rally-theleague.org\/es\/wp-json\/wp\/v2\/comments?post=10049"}],"version-history":[{"count":1,"href":"https:\/\/rally-theleague.org\/es\/wp-json\/wp\/v2\/posts\/10049\/revisions"}],"predecessor-version":[{"id":10050,"href":"https:\/\/rally-theleague.org\/es\/wp-json\/wp\/v2\/posts\/10049\/revisions\/10050"}],"wp:featuredmedia":[{"embeddable":true,"href":"https:\/\/rally-theleague.org\/es\/wp-json\/wp\/v2\/media\/10043"}],"wp:attachment":[{"href":"https:\/\/rally-theleague.org\/es\/wp-json\/wp\/v2\/media?parent=10049"}],"wp:term":[{"taxonomy":"category","embeddable":true,"href":"https:\/\/rally-theleague.org\/es\/wp-json\/wp\/v2\/categories?post=10049"},{"taxonomy":"post_tag","embeddable":true,"href":"https:\/\/rally-theleague.org\/es\/wp-json\/wp\/v2\/tags?post=10049"}],"curies":[{"name":"wp","href":"https:\/\/api.w.org\/{rel}","templated":true}]}}