{"id":6785,"date":"2019-11-01T04:00:00","date_gmt":"2019-11-01T04:00:00","guid":{"rendered":"https:\/\/lrnatestbed.org\/new-film-on-common-roots-of-problems\/"},"modified":"2023-05-17T22:25:38","modified_gmt":"2023-05-17T22:25:38","slug":"nueva-pelicula-sobre-raices-comunes-de-problemas","status":"publish","type":"post","link":"https:\/\/rally-theleague.org\/es\/nueva-pelicula-sobre-raices-comunes-de-problemas\/","title":{"rendered":"Nueva Pel\u00edcula Sobre Ra\u00edces Comunes de Problemas"},"content":{"rendered":"\n<div id=\"main-left-side\">\n<section id=\"article-outer-container\">\n<div id=\"post-3706\" class=\"post-3706 post type-post status-publish format-standard hentry category-article category-capitalism category-communal-cooperative-society category-communism category-corporate-state category-economy category-fascism category-immigrant-rights category-international category-movements category-new-class-proletariat category-new-technology category-politics category-robotics-electronic-technology category-spanish category-vol-29-ed-6-november-december-2019\">\n<section id=\"article-container\">Los l\u00edderes m\u00e1s conscientes del movimiento contra la represi\u00f3n de los inmigrantes entienden que el gobierno quiere mantener la resistencia con nada dentro de los l\u00edmites comunitarios y \u00e9tnicos. Entonces, est\u00e1n llevando su mensaje m\u00e1s all\u00e1 de eso. Un <span style=\"color: initial;\">ejemplo es mediante la organizaci\u00f3n de estrenos de la pel\u00edcula Eternos Indocumentados, un nuevo documental biling\u00fce. Eternos expone las terribles condiciones que obligan a millones a salir de Am\u00e9rica Central, y tambi\u00e9n expone las pr\u00e1cticas del gobierno estadounidense y los l\u00edderes corporativos que crearon esas condiciones.<\/span><\/section>\n<section><\/section>\n<section>Los medios corporativos solo culpan a las pandillas depredadoras por el aumento de centroamericanos que huyen de la regi\u00f3n. Eternos Indocumentados entrevista a miembros de una organizaci\u00f3n para ex pandilleros salvadore\u00f1os, los cuales explican c\u00f3mo es que las campa\u00f1as de deportaci\u00f3n mal concebidas en la d\u00e9cada de 1980 en realidad empeoraron la pobreza y aumentaron la delincuencia de pandillas en ambos pa\u00edses.\n<p>Al revelar tales problemas sociales en la ra\u00edz de la inmigraci\u00f3n, Eternos toca problemas familiares para cualquiera que luche contra el crecimiento de la pobreza entre los ciudadanos estadounidenses. Muestra que estos problemas comunes tienen una fuente com\u00fan, la clase dominante que tiene el control aqu\u00ed y all\u00e1.&nbsp;<strong>AC<\/strong><\/p>\n<p><strong>noviembre\/diciembre 2019.Vol29.Ed6<br><\/strong>This article originated in Rally, Comrades!<br>P.O. Box 477113 Chicago, IL 60647 rally@lrna.org<br>Free to reproduce unless otherwise marked.<br>Please include this message with any reproduction.<\/p>\n<\/section>\n<\/div>\n<\/section>\n<\/div>\n","protected":false},"excerpt":{"rendered":"<p>Los l\u00edderes m\u00e1s conscientes del movimiento contra la represi\u00f3n de los inmigrantes entienden que el gobierno quiere mantener la resistencia con nada dentro de los l\u00edmites comunitarios y \u00e9tnicos. Entonces, est\u00e1n llevando su mensaje m\u00e1s all\u00e1 de eso. Un ejemplo es mediante la organizaci\u00f3n de estrenos de la pel\u00edcula Eternos Indocumentados, un nuevo documental biling\u00fce. [&hellip;]<\/p>\n","protected":false},"author":2,"featured_media":0,"comment_status":"closed","ping_status":"closed","sticky":false,"template":"","format":"standard","meta":{"nf_dc_page":"","footnotes":""},"categories":[196,200,226,218,220,211],"tags":[],"class_list":{"0":"post-6785","1":"post","2":"type-post","3":"status-publish","4":"format-standard","6":"category-articulo","7":"category-capitalismo","8":"category-derechos-de-los-inmigrantes","9":"category-el-fascismo-hoy","10":"category-imperialismo-neoimperialismo","11":"category-inmigracion-migracion"},"aioseo_notices":[],"jetpack_featured_media_url":"","_links":{"self":[{"href":"https:\/\/rally-theleague.org\/es\/wp-json\/wp\/v2\/posts\/6785","targetHints":{"allow":["GET"]}}],"collection":[{"href":"https:\/\/rally-theleague.org\/es\/wp-json\/wp\/v2\/posts"}],"about":[{"href":"https:\/\/rally-theleague.org\/es\/wp-json\/wp\/v2\/types\/post"}],"author":[{"embeddable":true,"href":"https:\/\/rally-theleague.org\/es\/wp-json\/wp\/v2\/users\/2"}],"replies":[{"embeddable":true,"href":"https:\/\/rally-theleague.org\/es\/wp-json\/wp\/v2\/comments?post=6785"}],"version-history":[{"count":4,"href":"https:\/\/rally-theleague.org\/es\/wp-json\/wp\/v2\/posts\/6785\/revisions"}],"predecessor-version":[{"id":6789,"href":"https:\/\/rally-theleague.org\/es\/wp-json\/wp\/v2\/posts\/6785\/revisions\/6789"}],"wp:attachment":[{"href":"https:\/\/rally-theleague.org\/es\/wp-json\/wp\/v2\/media?parent=6785"}],"wp:term":[{"taxonomy":"category","embeddable":true,"href":"https:\/\/rally-theleague.org\/es\/wp-json\/wp\/v2\/categories?post=6785"},{"taxonomy":"post_tag","embeddable":true,"href":"https:\/\/rally-theleague.org\/es\/wp-json\/wp\/v2\/tags?post=6785"}],"curies":[{"name":"wp","href":"https:\/\/api.w.org\/{rel}","templated":true}]}}