{"id":7017,"date":"2013-07-01T01:00:18","date_gmt":"2013-07-01T01:00:18","guid":{"rendered":"https:\/\/lrnatestbed.org\/de-los-editores-inmigracion-nadie-es-ilegal\/"},"modified":"2023-06-16T01:06:57","modified_gmt":"2023-06-16T01:06:57","slug":"de-los-editores-inmigracion-nadie-es-ilegal","status":"publish","type":"post","link":"https:\/\/rally-theleague.org\/es\/de-los-editores-inmigracion-nadie-es-ilegal\/","title":{"rendered":"De los editores: Inmigraci\u00f3n: Nadie es ilegal"},"content":{"rendered":"<p>El tema actual de los inmigrantes indocumentados debe analizarse en el contexto de la globalizaci\u00f3n y el capitalismo en la era de la electr\u00f3nica.\u00a0 El traslado de obreros m\u00e1s pobres hacia pa\u00edses m\u00e1s ricos es una parte objetiva de ese proceso. En el \u00e1mbito mundial, uno de cada tres es un trabajador migrante. La internacionalizaci\u00f3n del capital y el desarrollo de un mercado mundial exigen la apertura de fronteras para los obreros inmigrantes.<\/p>\n<p>El mundo tal como lo conoc\u00edamos es algo del pasado y los trabajadores se est\u00e1n desarraigando y desplazando en todo el mundo. En este pa\u00eds, los obreros inmigrantes forman parte integral del proceso mediante el cual se est\u00e1 deteriorando la \u201cclase media\u201d y que tambi\u00e9n est\u00e1 rebajando a los trabajadores al nivel de que \u201cel \u00faltimo contratado es el primero en ser despedido\u201d.\u00a0 Los obreros inmigrantes tambi\u00e9n son parte de la creciente masa de trabajadores despose\u00eddos. Sus demandas reflejan las demandas en com\u00fan de esta nueva clase, un aspecto central como despose\u00eddos \u2013 la atenci\u00f3n a la salud, una vivienda digna, la educaci\u00f3n para sus hijos, puestos de empleo y una forma de superar la pobreza.<\/p>\n<p>Los trabajadores, incluidos los indocumentados, no pueden vivir sin sus puestos de empleo y los capitalistas no pueden\u00a0 ofrecer trabajo en una econom\u00eda basada en la producci\u00f3n electr\u00f3nica, la cual est\u00e1 eliminando muchos puestos de empleo de manera sistem\u00e1tica.\u00a0 En este contexto, la propia inmigraci\u00f3n se transforma en el tema que oculta el temor acerca de la p\u00e9rdida del empleo, de la vivienda etc. La clase\u00a0 gobernante, la cual no tiene verdaderas soluciones, recurre a la b\u00fasqueda de chivos expiatorios y t\u00e1cticas de \u201cdividir y conquistar\u201d,\u00a0 a fin de controlar no s\u00f3lo a los obreros inmigrantes sino a toda la clase. Su objetivo es criminalizar a un segmento de la clase obrera para evitar su unidad como clase.<\/p>\n<p>Como tal, el asunto migratorio representa un frente esencial en nuestra lucha por los corazones y las mentes de la clase obrera estadounidense en general y del sector latino y de habla hispana en particular. Para la clase en general, el asunto migratorio se est\u00e1 utilizando como uno de los escollos principales para el desarrollo de la unidad de la clase obrera, al igual que como un ataque solapado a esta clase en general, al introducir medidas represivas tales como los programas denominados Comunidades Seguras y E-Verify, al igual que el uso de presidios privados, una mayor represi\u00f3n en las fronteras y la militarizaci\u00f3n general de la sociedad estadounidense, y el ambiente de temor y desconfianza que suponen estas pol\u00edticas.<\/p>\n<p>A\u00fan la denominada reforma migratoria no representa una soluci\u00f3n. Si los revolucionarios permiten que la clase gobernante dicte el terreno pol\u00edtico, la clase obrera terminar\u00e1 por luchar unos contra otros por las migajas que reparta la clase capitalista. Luchemos una lucha por los derechos humanos y por la igualdad de todos. Nadie es ilegal.<\/p>\n<p>Planteamos el tema de un nuevo tipo de sociedad, de una que sea cooperativa, en la que todos puedan tener lo necesario para llevar una vida decente y culta. Sobre todo, luchamos por la unidad de la clase obrera y la lucha por el poder pol\u00edtico de esa clase para poder lograr su objetivo de una vida m\u00e1s adecuada para ellos mismos y sus familias.<\/p>\n<p><strong>julio\/augosto 2013.Vol22.Ed4<\/strong><\/p>\n<p><strong>This article originated in Rally, Comrades!<br \/>\nP.O. Box 477113 Chicago, IL 60647 rally@lrna.org<br \/>\nFree to reproduce unless otherwise marked.<br \/>\nPlease include this message with any reproduction.<\/strong><\/p>\n","protected":false},"excerpt":{"rendered":"<p>El tema actual de los inmigrantes indocumentados debe analizarse en el contexto de la globalizaci\u00f3n y el capitalismo en la era de la electr\u00f3nica.\u00a0 El traslado de obreros m\u00e1s pobres hacia pa\u00edses m\u00e1s ricos es una parte objetiva de ese proceso. En el \u00e1mbito mundial, uno de cada tres es un trabajador migrante. La internacionalizaci\u00f3n [&hellip;]<\/p>\n","protected":false},"author":2,"featured_media":0,"comment_status":"closed","ping_status":"closed","sticky":false,"template":"","format":"standard","meta":{"nf_dc_page":"","footnotes":""},"categories":[196,200,201,226,211,227,228],"tags":[],"class_list":{"0":"post-7017","1":"post","2":"type-post","3":"status-publish","4":"format-standard","6":"category-articulo","7":"category-capitalismo","8":"category-clases","9":"category-derechos-de-los-inmigrantes","10":"category-inmigracion-migracion","11":"category-pobreza_race-class_gender","12":"category-racismo"},"aioseo_notices":[],"jetpack_featured_media_url":"","_links":{"self":[{"href":"https:\/\/rally-theleague.org\/es\/wp-json\/wp\/v2\/posts\/7017","targetHints":{"allow":["GET"]}}],"collection":[{"href":"https:\/\/rally-theleague.org\/es\/wp-json\/wp\/v2\/posts"}],"about":[{"href":"https:\/\/rally-theleague.org\/es\/wp-json\/wp\/v2\/types\/post"}],"author":[{"embeddable":true,"href":"https:\/\/rally-theleague.org\/es\/wp-json\/wp\/v2\/users\/2"}],"replies":[{"embeddable":true,"href":"https:\/\/rally-theleague.org\/es\/wp-json\/wp\/v2\/comments?post=7017"}],"version-history":[{"count":1,"href":"https:\/\/rally-theleague.org\/es\/wp-json\/wp\/v2\/posts\/7017\/revisions"}],"predecessor-version":[{"id":7018,"href":"https:\/\/rally-theleague.org\/es\/wp-json\/wp\/v2\/posts\/7017\/revisions\/7018"}],"wp:attachment":[{"href":"https:\/\/rally-theleague.org\/es\/wp-json\/wp\/v2\/media?parent=7017"}],"wp:term":[{"taxonomy":"category","embeddable":true,"href":"https:\/\/rally-theleague.org\/es\/wp-json\/wp\/v2\/categories?post=7017"},{"taxonomy":"post_tag","embeddable":true,"href":"https:\/\/rally-theleague.org\/es\/wp-json\/wp\/v2\/tags?post=7017"}],"curies":[{"name":"wp","href":"https:\/\/api.w.org\/{rel}","templated":true}]}}