{"id":7484,"date":"2024-02-01T01:06:00","date_gmt":"2024-02-01T01:06:00","guid":{"rendered":"https:\/\/rally-theleague.org\/poor-peoples-campaign-brings-demands-of-140-million-americans-to-the-statehouses\/"},"modified":"2024-02-03T00:33:16","modified_gmt":"2024-02-03T00:33:16","slug":"poor-peoples-campaign-brings-demands-of-140-million-americans-to-the-statehouses","status":"publish","type":"post","link":"https:\/\/rally-theleague.org\/es\/poor-peoples-campaign-brings-demands-of-140-million-americans-to-the-statehouses\/","title":{"rendered":"La Campa\u00f1a de los Pobres va a las c\u00e1maras estatales del pa\u00eds"},"content":{"rendered":"\n<p class=\"\"><strong>Por la Reverenda Dra. M\u00f3nica Cross (una revolucionaria)<\/strong><\/p>\n\n\n\n<figure class=\"wp-block-image size-full\"><img data-recalc-dims=\"1\" decoding=\"async\" width=\"696\" height=\"986\" loading=\"lazy\" src=\"https:\/\/i0.wp.com\/rally-theleague.org\/wp-content\/uploads\/2024\/02\/Poor_Peoples_Workers_March_700x1000.jpg?resize=696%2C986&#038;ssl=1\" alt=\"Folleto del PPC para las Asambleas del 2 de marzo en los parlamentos\" class=\"wp-image-7491\" srcset=\"https:\/\/i0.wp.com\/rally-theleague.org\/wp-content\/uploads\/2024\/02\/Poor_Peoples_Workers_March_700x1000.jpg?w=706&amp;ssl=1 706w, https:\/\/i0.wp.com\/rally-theleague.org\/wp-content\/uploads\/2024\/02\/Poor_Peoples_Workers_March_700x1000.jpg?resize=212%2C300&amp;ssl=1 212w, https:\/\/i0.wp.com\/rally-theleague.org\/wp-content\/uploads\/2024\/02\/Poor_Peoples_Workers_March_700x1000.jpg?resize=150%2C212&amp;ssl=1 150w, https:\/\/i0.wp.com\/rally-theleague.org\/wp-content\/uploads\/2024\/02\/Poor_Peoples_Workers_March_700x1000.jpg?resize=300%2C425&amp;ssl=1 300w, https:\/\/i0.wp.com\/rally-theleague.org\/wp-content\/uploads\/2024\/02\/Poor_Peoples_Workers_March_700x1000.jpg?resize=696%2C986&amp;ssl=1 696w\" sizes=\"auto, (max-width: 696px) 100vw, 696px\" \/><figcaption class=\"wp-element-caption\">Folleto del PPC para las Asambleas del 2 de marzo en los parlamentos<\/figcaption><\/figure>\n\n\n\n<p class=\"\">El s\u00e1bado 2 de marzo, en al menos 30 capitales estatales, la Campa\u00f1a de los Pobres, Un Llamado Nacional para un Renacimiento Moral, celebrar\u00e1 asambleas masivas de los Pobres y los Trabajadores con Salarios Bajos. El objetivo es llamar la atenci\u00f3n de los legisladores estatales sobre las demandas de 140 millones de estadounidenses pobres y de clase trabajadora, y hacer que aboguen por pol\u00edticas p\u00fablicas que desaf\u00eden la pobreza.<\/p>\n\n\n\n<p class=\"\">El reverendo William J. Barber II, copresidente de la Campa\u00f1a de los Pobres, ha dicho que la pobreza estadounidense \u201cabarca todas las razas, credos, colores y orientaciones sexuales\u201d. Se\u00f1ala que los 140 millones de estadounidenses que viven en la pobreza representan el 43,5 por ciento de la poblaci\u00f3n, casi la mitad de la naci\u00f3n. &#8220;Cualquier naci\u00f3n que ignore a la mitad de su pueblo&#8230; est\u00e1 en una crisis moral y econ\u00f3mica que es constitucionalmente inconsistente, econ\u00f3micamente demente y moralmente indefendible&#8221;.<\/p>\n\n\n\n<p class=\"\">Como escribi\u00f3 James Baldwin en 1961 en <em>Nadie sabe mi nombre<\/em>: \u201cCualquiera que haya luchado alguna vez contra la pobreza sabe lo extremadamente caro que es ser pobre\u201d. Los pobres pagan m\u00e1s por la banca a trav\u00e9s de tasas de inter\u00e9s m\u00e1s altas, cargos por sobregiro, establecimientos de cambio de cheques y pr\u00e9stamos de d\u00eda de pago, alquileres inasequibles, transporte, educaci\u00f3n, atenci\u00f3n m\u00e9dica y seguridad p\u00fablica.<\/p>\n\n\n\n<p class=\"\">La Campa\u00f1a de los Pobres es parte de un movimiento progresista que comparte las luchas de las personas afectadas por las pol\u00edticas injustas de la clase dominante en torno a la pobreza, y sigue una estrategia con los legisladores en las capitales de los estados para garantizar que:<\/p>\n\n\n\n<ul class=\"wp-block-list\">\n<li class=\"\">Los legisladores y su personal ven y escuchan lo que sucede en las vidas de sus electores.<\/li>\n\n\n\n<li class=\"\">La campa\u00f1a aboga por legislaci\u00f3n como la Tercera Reconstrucci\u00f3n que aborda las necesidades y preocupaciones de sus electores.<\/li>\n\n\n\n<li class=\"\">La campa\u00f1a humaniza a sus electores.<\/li>\n\n\n\n<li class=\"\">La campa\u00f1a cambia la narrativa moral.<\/li>\n\n\n\n<li class=\"\">Aboga por pol\u00edticas y elecciones en todos los niveles de gobierno y genera poder duradero para las personas pobres y afectadas.<\/li>\n<\/ul>\n\n\n\n<p class=\"\">La pobreza podr\u00eda erradicarse si no fuera por las decisiones de pol\u00edtica p\u00fablica tomadas por la clase dominante, sus pol\u00edticos, sus militares, sus corporaciones y otros intereses que se benefician de sus pol\u00edticas. La Campa\u00f1a de los Pobres lo llama una crisis moral en la que la naci\u00f3n m\u00e1s rica del planeta recorta presupuestos para servicios sociales mientras gasta miles de millones en guerras interminables.<\/p>\n\n\n\n<p class=\"\">La Campa\u00f1a es un llamado urgente por una revoluci\u00f3n de valores en esta \u00e9poca de capitalismo tard\u00edo, su pol\u00edtica, el ascenso del fascismo y el surgimiento de la inteligencia artificial sustentada en un sistema econ\u00f3mico y social que hace que la pobreza sea insoportablemente costosa.<\/p>\n\n\n\n<p class=\"\">Si miramos a la iglesia estadounidense, vemos que es una parte importante de una discusi\u00f3n sobre las estrategias que usa la clase dominante contra quienes viven en la pobreza. Muchas de las voces m\u00e1s fuertes del cristianismo estadounidense actual son evang\u00e9licos de derecha alineados con el fascismo Cristiano, los cuales arrojan interpretaciones b\u00edblicas que son antit\u00e9ticas del Evangelio de Jesucristo y sus valores que elevan a los necesitados que est\u00e1n contra la pared.<\/p>\n\n\n\n<p class=\"\">En 2018, el libro de Jonathon Wilson-Hartgrove <em>Reconstructing the Gospel: Finding Freedom from Slaveholder Religion<\/em>, habl\u00f3 de la perpetuaci\u00f3n de la injusticia racial y la supremac\u00eda blanca y la instituci\u00f3n de la esclavitud en el nombre de Jes\u00fas. Escribe: \u201cEn Estados Unidos, la pol\u00edtica racial siempre ha sido \u2018cristiana\u2019, siempre se ha disfrazado del lenguaje de la redenci\u00f3n y la moralidad. Al cooptar al pobre Cristo refugiado para defender la supremac\u00eda blanca, lo hemos crucificado en una cruz dorada, convirtiendo nuestro s\u00edmbolo m\u00e1s revolucionario de nuestro movimiento en un talism\u00e1n para tocar cuando estamos ansiosos. \u2026 En todo esto, nos perdemos el mensaje b\u00e1sico del evangelio y la sabidur\u00eda de incontables millones de personas que nos han mostrado un camino mejor\u201d.<\/p>\n\n\n\n<p class=\"\">La ret\u00f3rica de los evang\u00e9licos de derecha es autoritaria, mezquina, divisiva y atroz. Est\u00e1 contextualizado en lo apocal\u00edptico y es el suelo contaminado desde el que impulsan la legislaci\u00f3n lo que hace que la vida de muchos pobres en Estados Unidos sea precaria y mortal. Estos evang\u00e9licos tergiversan escrituras como el Evangelio del Nuevo Testamento de Juan 12:8, donde Jes\u00fas dijo: \u201cSiempre tendr\u00e9is a los pobres con vosotros, pero no siempre a m\u00ed\u201d. (Versi\u00f3n en ingl\u00e9s \u00a9 1995 de American Bible Society.) As\u00ed es como estos evang\u00e9licos defienden una pol\u00edtica fiscal que sirva al deseo de la clase dominante mientras devasta las vidas de los pobres, los de bajos ingresos y la clase trabajadora. La Campa\u00f1a de los Pobres ha sido llamada a oponerse a estos evang\u00e9licos, junto con sus pol\u00edticas y su vandalismo b\u00edblico.<\/p>\n\n\n\n<p class=\"\">La ret\u00f3rica de la derecha contribuye a devaluar el trabajo y el valor humano de forma intencionada y a poner en riesgo la democracia. Requiere un movimiento, ejemplificado por la Campa\u00f1a de los Pobres, basado en las necesidades objetivas de quienes luchan en sus dolores, meditaciones y solidaridad \u00edntima. Las personas impactadas son la base de una visi\u00f3n colectiva de una revoluci\u00f3n en ideas, valores, dignidad, acceso, reconocimiento y sostenibilidad.<\/p>\n\n\n\n<p class=\"\">Los intereses subyacentes del movimiento son la liberaci\u00f3n de la imaginaci\u00f3n, la atenci\u00f3n y el deseo del individualismo extremo y a veces violento y de los derechos de propiedad privada que crean las condiciones para la pobreza y niegan el siempre presente clamor por la justicia.<\/p>\n\n\n\n<p class=\"\">La Campa\u00f1a de los Pobres es un espacio prof\u00e9tico radicalmente inclusivo para el desarrollo de una conciencia social, religiosa, pol\u00edtica y cultural con implicaciones para las pol\u00edticas p\u00fablicas. Dentro de este espacio, el revolucionario practica un sentido liberado de atenci\u00f3n que se convierte en una forma poco com\u00fan e invaluable de generosidad radical que sustenta una solidaridad necesaria para el desarrollo de una coalici\u00f3n de fusi\u00f3n.<\/p>\n\n\n\n<p class=\"\">El reverendo Barber define la coalici\u00f3n de fusi\u00f3n como un pueblo unido en torno a valores comunes. \u201cEl llamamiento no se trata de derecha o izquierda\u201d, dijo el reverendo Barber en una entrevista, \u201csino m\u00e1s bien de lo correcto o lo incorrecto. Debemos unirnos sobre el terreno firme de la verdad y elevar a esta naci\u00f3n a un terreno m\u00e1s elevado\u201d.<\/p>\n\n\n\n<p class=\"\">Frente al fascismo, el revolucionario tiene el imperativo moral de oponerse a los ataques a los pobres, a los de bajos ingresos y a la clase trabajadora y poner fin al sistema de propiedad privada.<\/p>\n\n\n\n<p class=\"\">Campa\u00f1a de los pobres: <a href=\"http:\/\/www.poorpeoplescampaign.org\">www.poorpeoplescampaign.org<\/a><\/p>\n\n\n\n<p class=\"\"><strong>Publicado el 1 de febrero de 2024<br><\/strong>Este art\u00edculo se origin\u00f3 en Rally!<br>CORREOS. Box 477113 Chicago, IL 60647 <a href=\"mailto:rally@lrna.org\">rally@lrna.org<\/a><br>Libre de reproducir a menos que se indique lo contrario.<br>Incluya este mensaje con cualquier reproducci\u00f3n.<\/p>\n","protected":false},"excerpt":{"rendered":"<p>El s\u00e1bado 2 de marzo, en al menos 30 capitales estatales, la Campa\u00f1a de los Pobres, Un Llamado Nacional para un Renacimiento Moral, celebrar\u00e1 asambleas masivas de los Pobres y los Trabajadores con Salarios Bajos.<\/p>\n","protected":false},"author":2,"featured_media":7494,"comment_status":"closed","ping_status":"open","sticky":false,"template":"","format":"standard","meta":{"nf_dc_page":"","footnotes":""},"categories":[199,232,201,259,231,235,227,202,203,228,225,198],"tags":[],"class_list":{"0":"post-7484","1":"post","2":"type-post","3":"status-publish","4":"format-standard","5":"has-post-thumbnail","7":"category-abundancia-versus-escasez","8":"category-abundancia-versus-escasez-ideas-revolucionarias-conciencia","9":"category-clases","10":"category-featured-es","11":"category-ideas-revolucionarias-conciencia","12":"category-papel-de-los-revolucionarios","13":"category-pobreza_race-class_gender","14":"category-pobreza_capitalist_class_system","15":"category-propiedad-privada","16":"category-racismo","17":"category-raza-clase-genero","18":"category-sistema-de-clase-capitalista"},"aioseo_notices":[],"jetpack_featured_media_url":"https:\/\/i0.wp.com\/rally-theleague.org\/wp-content\/uploads\/2024\/02\/Poor_Peoples_Workers_March_FEATURED.jpg?fit=707%2C398&ssl=1","_links":{"self":[{"href":"https:\/\/rally-theleague.org\/es\/wp-json\/wp\/v2\/posts\/7484","targetHints":{"allow":["GET"]}}],"collection":[{"href":"https:\/\/rally-theleague.org\/es\/wp-json\/wp\/v2\/posts"}],"about":[{"href":"https:\/\/rally-theleague.org\/es\/wp-json\/wp\/v2\/types\/post"}],"author":[{"embeddable":true,"href":"https:\/\/rally-theleague.org\/es\/wp-json\/wp\/v2\/users\/2"}],"replies":[{"embeddable":true,"href":"https:\/\/rally-theleague.org\/es\/wp-json\/wp\/v2\/comments?post=7484"}],"version-history":[{"count":3,"href":"https:\/\/rally-theleague.org\/es\/wp-json\/wp\/v2\/posts\/7484\/revisions"}],"predecessor-version":[{"id":7495,"href":"https:\/\/rally-theleague.org\/es\/wp-json\/wp\/v2\/posts\/7484\/revisions\/7495"}],"wp:featuredmedia":[{"embeddable":true,"href":"https:\/\/rally-theleague.org\/es\/wp-json\/wp\/v2\/media\/7494"}],"wp:attachment":[{"href":"https:\/\/rally-theleague.org\/es\/wp-json\/wp\/v2\/media?parent=7484"}],"wp:term":[{"taxonomy":"category","embeddable":true,"href":"https:\/\/rally-theleague.org\/es\/wp-json\/wp\/v2\/categories?post=7484"},{"taxonomy":"post_tag","embeddable":true,"href":"https:\/\/rally-theleague.org\/es\/wp-json\/wp\/v2\/tags?post=7484"}],"curies":[{"name":"wp","href":"https:\/\/api.w.org\/{rel}","templated":true}]}}