{"id":7626,"date":"2024-05-23T01:58:00","date_gmt":"2024-05-23T01:58:00","guid":{"rendered":"https:\/\/rally-theleague.org\/defending-chicagos-migrants-from-rising-fascism\/"},"modified":"2024-05-29T23:05:36","modified_gmt":"2024-05-29T23:05:36","slug":"defender-a-los-inmigrantes-de-chicago-del-fascismo-creciente","status":"publish","type":"post","link":"https:\/\/rally-theleague.org\/es\/defender-a-los-inmigrantes-de-chicago-del-fascismo-creciente\/","title":{"rendered":"Defender a los inmigrantes de Chicago del fascismo creciente"},"content":{"rendered":"\n<figure class=\"wp-block-image size-large\"><img data-recalc-dims=\"1\" decoding=\"async\" width=\"696\" height=\"536\" loading=\"lazy\" src=\"https:\/\/i0.wp.com\/rally-theleague.org\/wp-content\/uploads\/2024\/05\/Migrants_drawing_01_1200px_full.jpg?resize=696%2C536&#038;ssl=1\" alt=\"Artista migrante describe su arduo viaje desde Venezuela a Chicago\" class=\"wp-image-7600\" srcset=\"https:\/\/i0.wp.com\/rally-theleague.org\/wp-content\/uploads\/2024\/05\/Migrants_drawing_01_1200px_full.jpg?resize=1024%2C788&amp;ssl=1 1024w, https:\/\/i0.wp.com\/rally-theleague.org\/wp-content\/uploads\/2024\/05\/Migrants_drawing_01_1200px_full.jpg?resize=300%2C231&amp;ssl=1 300w, https:\/\/i0.wp.com\/rally-theleague.org\/wp-content\/uploads\/2024\/05\/Migrants_drawing_01_1200px_full.jpg?resize=768%2C591&amp;ssl=1 768w, https:\/\/i0.wp.com\/rally-theleague.org\/wp-content\/uploads\/2024\/05\/Migrants_drawing_01_1200px_full.jpg?resize=150%2C115&amp;ssl=1 150w, https:\/\/i0.wp.com\/rally-theleague.org\/wp-content\/uploads\/2024\/05\/Migrants_drawing_01_1200px_full.jpg?resize=696%2C535&amp;ssl=1 696w, https:\/\/i0.wp.com\/rally-theleague.org\/wp-content\/uploads\/2024\/05\/Migrants_drawing_01_1200px_full.jpg?resize=1068%2C821&amp;ssl=1 1068w, https:\/\/i0.wp.com\/rally-theleague.org\/wp-content\/uploads\/2024\/05\/Migrants_drawing_01_1200px_full.jpg?w=1200&amp;ssl=1 1200w\" sizes=\"auto, (max-width: 696px) 100vw, 696px\" \/><figcaption class=\"wp-element-caption\"><em>Un artista migrante representa su arduo viaje desde Venezuela a Chicago<\/em><br><em>Ilustraci\u00f3n \/ Juan Carlos Silva<\/em><\/figcaption><\/figure>\n\n\n\n<p class=\"\">Un activista del movimiento en defensa de los inmigrantes nos cont\u00f3 hace poco c\u00f3mo su lucha se asemeja a la de su propia familia.<\/p>\n\n\n\n<p class=\"\"><em>Mis padres son de la impresionantemente bella costa oeste de Irlanda, con su escarpada costa y sus riscos de rocas cubiertas de l\u00edquenes. Sin embargo, como dir\u00eda mi padre, nacido en Irlanda, el paisaje no se come. Como tantos otros, su coraz\u00f3n nunca abandon\u00f3 su tierra natal, pero sus est\u00f3magos buscaban pastos m\u00e1s verdes.<\/em><\/p>\n\n\n\n<p class=\"\"><em>Las razones siempre vuelven al dinero. Dinero para alimentar a tu familia. Dinero para educar a tus hijos. Dinero para pagarles a los m\u00e9dicos. Lo que se nos da son sobras de la mesa de los capitanes de la industria, y luego nos dicen que debemos contentarnos con lo que ellos consideren suficiente.<\/em><\/p>\n\n\n\n<p class=\"\">Entre agosto de 2022 y mayo de 2024, m\u00e1s de 41,000 hombres, mujeres y ni\u00f1os, con falsas esperanzas de encontrar trabajo y vivienda, han sido trasladados en autob\u00fas de Texas a Chicago como peones de un juego pol\u00edtico del gobernador de Texas, Greg Abbott, y el gobernador de Florida, Ron DeSantis. Los dejaron en una ciudad de extremos, donde las temperaturas invernales pueden descender hasta 20 grados bajo cero y en verano superar los 100 grados. Las posturas extremas de los residentes hacia los migrantes tambi\u00e9n se han desbordado, con algunos enfurecidos gritando: &#8220;\u00a1Regresen de donde vinieron!&#8221;, mientras que otras comunidades de buen coraz\u00f3n se unen para alimentar, vestir y cuidar a los reci\u00e9n llegados.<\/p>\n\n\n\n<figure class=\"wp-block-image size-large\"><img data-recalc-dims=\"1\" decoding=\"async\" width=\"696\" height=\"504\" loading=\"lazy\" src=\"https:\/\/i0.wp.com\/rally-theleague.org\/wp-content\/uploads\/2024\/05\/Migrants_drawing_02_1200px_full.jpg?resize=696%2C504&#038;ssl=1\" alt=\"Artista migrante describe su arduo viaje desde Venezuela a Chicago\" class=\"wp-image-7602\" srcset=\"https:\/\/i0.wp.com\/rally-theleague.org\/wp-content\/uploads\/2024\/05\/Migrants_drawing_02_1200px_full.jpg?resize=1024%2C741&amp;ssl=1 1024w, https:\/\/i0.wp.com\/rally-theleague.org\/wp-content\/uploads\/2024\/05\/Migrants_drawing_02_1200px_full.jpg?resize=300%2C217&amp;ssl=1 300w, https:\/\/i0.wp.com\/rally-theleague.org\/wp-content\/uploads\/2024\/05\/Migrants_drawing_02_1200px_full.jpg?resize=768%2C556&amp;ssl=1 768w, https:\/\/i0.wp.com\/rally-theleague.org\/wp-content\/uploads\/2024\/05\/Migrants_drawing_02_1200px_full.jpg?resize=150%2C109&amp;ssl=1 150w, https:\/\/i0.wp.com\/rally-theleague.org\/wp-content\/uploads\/2024\/05\/Migrants_drawing_02_1200px_full.jpg?resize=696%2C503&amp;ssl=1 696w, https:\/\/i0.wp.com\/rally-theleague.org\/wp-content\/uploads\/2024\/05\/Migrants_drawing_02_1200px_full.jpg?resize=1068%2C773&amp;ssl=1 1068w, https:\/\/i0.wp.com\/rally-theleague.org\/wp-content\/uploads\/2024\/05\/Migrants_drawing_02_1200px_full.jpg?w=1200&amp;ssl=1 1200w\" sizes=\"auto, (max-width: 696px) 100vw, 696px\" \/><figcaption class=\"wp-element-caption\"><em>Ilustraci\u00f3n \/ Juan Carlos Silva<\/em><\/figcaption><\/figure>\n\n\n\n<p class=\"\">Los migrantes actuales fueron acorralados en refugios ya abarrotados tras abandonar los pisos del Departamento de Polic\u00eda de Chicago\u2014su &#8220;hogar&#8221; durante el a\u00f1o pasado. Esta indiferencia gratuita hacia nuestros hermanos y hermanas de clase se vio reflejada el pasado agosto en la corta y triste vida de Jismary Alejandra Barboza Gonz\u00e1lez, de tres a\u00f1os. Lleg\u00f3 muerta por consumir agua no tratada en el desesperado viaje de su familia, a pesar de las afirmaciones del Departamento de Salud de Texas de que le hab\u00edan realizado ex\u00e1menes m\u00e9dicos cuando la familia se entreg\u00f3 a las autoridades en Estados Unidos.<\/p>\n\n\n\n<p class=\"\">En Chicago, casi 1.000 solicitantes de asilo tuvieron la suerte de llegar antes del 31 de julio de 2023. Esa era la fecha l\u00edmite arbitraria del programa de Estatus de Protecci\u00f3n Temporal (TPS), que hab\u00eda permitido a las familias migrantes trabajar legalmente mientras se resolv\u00edan sus casos.<\/p>\n\n\n\n<p class=\"\">M\u00e1s de 7.000 personas menos afortunadas que llegaron despu\u00e9s del 31 de julio pero antes del 17 de noviembre de 2023 ten\u00edan derecho a s\u00f3lo 60 d\u00edas de asistencia de vivienda.&nbsp; M\u00e1s de 33.000 familias migrantes que llegaron despu\u00e9s del 17 de noviembre no pueden optar a una ayuda para la vivienda y deben abandonar los albergues a los 60 d\u00edas. El n\u00famero de desalojos de los albergues es de casi 3.000 y aumenta cada d\u00eda.<\/p>\n\n\n\n<p class=\"\">Este fen\u00f3meno no es exclusivo de Chicago ni de Estados Unidos. Es mundial. Las costas de Europa son un espantoso escenario de cad\u00e1veres de ni\u00f1os africanos y asi\u00e1ticos\u2014como el del ni\u00f1o kurdo sirio de tres a\u00f1os Aylan Kurdi\u2014que ni siquiera sobrevivieron a su angustioso viaje por tierra y mar. Mientras tanto, el gobierno conservador brit\u00e1nico ha aprobado el proyecto de ley de Seguridad de Ruanda, que pone a los solicitantes de asilo en un vuelo de ida desde Gran Breta\u00f1a a esa naci\u00f3n centroafricana. Esto ha provocado el caos en la frontera entre Irlanda del Norte, que est\u00e1 sujeta a las normas del Reino Unido, y la Rep\u00fablica de Irlanda, que no lo est\u00e1.<\/p>\n\n\n\n<p class=\"\">Lighthouse Reports desvel\u00f3 que la Uni\u00f3n Europea paga cientos de millones de euros a pa\u00edses norteafricanos por la &#8220;gesti\u00f3n de migrantes&#8221; que arroja a decenas de miles de personas negras al desierto o a zonas remotas para evitar que entren en la UE. El pasado agosto, Human Rights Watch inform\u00f3 que, entre marzo de 2022 y junio de 2023, guardias sauditas de la frontera con Yemen mataron a cientos de migrantes y solicitantes de asilo et\u00edopes. En septiembre, decenas de personas resultaron heridas (algunas de ellas por disparos) durante enfrentamientos entre solicitantes de asilo eritreos y la polic\u00eda israel\u00ed en Tel Aviv. Estas son las v\u00edctimas de nuestro sistema capitalista, basado en la riqueza y no en el valor.<\/p>\n\n\n\n<h2 class=\"wp-block-heading\"><strong>SOMOS EMIGRANTES, NO PRISIONEROS<\/strong><\/h2>\n\n\n\n<p class=\"\">Recientemente, un voluntario aqu\u00ed en Chicago, fue recibido con un mensaje de uno de los solicitantes de asilo. Dec\u00eda: &#8220;Buenos d\u00edas. Perdone que le moleste. Quiero hacerle una pregunta para ver si puede ayudarnos aqu\u00ed en el refugio. Se contrat\u00f3 a una nueva administraci\u00f3n y a partir de ese momento todo funcion\u00f3 peor. &#8230; Con qui\u00e9n podemos hablar, porque la comida y el trato que nos est\u00e1n dando es peor que el que dan a los presos, y nosotros somos emigrantes, no presos&#8221;.<\/p>\n\n\n\n<p class=\"\">\u00bfQu\u00e9 cambios son necesarios para estar a la altura de la moralidad prometida por Estados Unidos? Como hemos visto, cualquiera que pretenda entrar en Estados Unidos y en su econom\u00eda capitalista\u2014la mayor del mundo\u2014lo har\u00e1 sin importar las patrullas fronterizas, las vallas o los muros. Al levantar barreras, s\u00f3lo estamos poniendo en peligro a estas familias desesperadas. La frontera cerrada est\u00e1 impidiendo salir de Estados Unidos a cualquier persona con un estatus de inmigraci\u00f3n pendiente o inexistente.<\/p>\n\n\n\n<p class=\"\">Cuando las familias llegan a Estados Unidos, quieren empezar a contribuir a nuestra econom\u00eda y ayudar a sus familias en su pa\u00eds. Aceleremos los permisos de trabajo para todos los indocumentados y solicitantes de asilo. Nuestro pa\u00eds busca trabajadores j\u00f3venes y est\u00e1n llegando a nuestras puertas todos los d\u00edas. Sin embargo, los tratamos como delincuentes y no como man\u00e1 ca\u00eddo del cielo que contribuye a nuestra econom\u00eda a trav\u00e9s de los impuestos y el Seguro Social.<\/p>\n\n\n\n<p class=\"\">Guste o no, los solicitantes de asilo son habitantes de Chicago y estadounidenses que merecen unas condiciones de vida dignas. Chicago se autodenomina una ciudad acogedora, y el alcalde Brandon Johnson habl\u00f3 del &#8220;Alma de Chicago&#8221; durante su toma de posesi\u00f3n en 2023, prometiendo atender a los sin techo y a los solicitantes de asilo. Desahuciar o deportar a las familias no es la respuesta a su sufrimiento. La respuesta est\u00e1 inscrita en una placa de bronce en el puerto de Nueva York con una cita de la Madre de los Exiliados: la Estatua de la Libertad. Promete acoger a las &#8220;masas api\u00f1adas&#8221; con los brazos abiertos aqu\u00ed, en Chicago y en Estados Unidos. Darles cobijo, comida y una oportunidad real de alcanzar el Sue\u00f1o Americano: Esa es la verdadera &#8220;Alma de Chicago&#8221; y el alma de Estados Unidos.<\/p>\n\n\n\n<p class=\"\">Las historias de inmigrantes del siglo XXI son las historias de refugiados que huyen de los efectos del capitalismo, que abandonan su amado pa\u00eds no como turistas o como buscadores de fortuna, sino para sobrevivir. La desigualdad en la distribuci\u00f3n de la riqueza est\u00e1 hoy tan gravemente sesgada\u2014como si revivi\u00e9ramos los tiempos de una novela de Charles Dickens\u2014y muchas pol\u00edticas gubernamentales garantizan que esta desigualdad siga siendo el statu quo. Mientras luchamos por cambiar esas pol\u00edticas, tambi\u00e9n debemos trabajar para acabar con el capitalismo del que surgen.<\/p>\n\n\n\n<p class=\"\"><strong>Publicado el 23 de mayo de 2024<br><\/strong>Este art\u00edculo se origin\u00f3 en Rally!<br>CORREOS. Box 477113 Chicago, IL 60647\u00a0<strong><a href=\"mailto:rally@lrna.org\">rally@lrna.org<\/a><\/strong><br>Libre de reproducir a menos que se indique lo contrario.<br>Incluya este mensaje con cualquier reproducci\u00f3n.<\/p>\n\n\n\n<p class=\"\"><a id=\"_msocom_1\"><\/a><\/p>\n","protected":false},"excerpt":{"rendered":"<p>Un activista del movimiento en defensa de los inmigrantes nos cont\u00f3 hace poco c\u00f3mo su lucha se asemeja a la de su propia familia.<br \/>\nMis padres son de la impresionantemente bella costa oeste de Irlanda, con su escarpada costa y sus riscos de rocas cubiertas de l\u00edquenes. Sin embargo, como dir\u00eda mi padre, nacido en Irlanda, el paisaje no se come. Como tantos otros, su coraz\u00f3n nunca abandon\u00f3 su tierra natal, pero sus est\u00f3magos buscaban pastos m\u00e1s verdes.<\/p>\n","protected":false},"author":2,"featured_media":7605,"comment_status":"closed","ping_status":"open","sticky":false,"template":"","format":"standard","meta":{"nf_dc_page":"","footnotes":""},"categories":[199,232,339,200,201,226,205,231,202,198,357],"tags":[],"class_list":{"0":"post-7626","1":"post","2":"type-post","3":"status-publish","4":"format-standard","5":"has-post-thumbnail","7":"category-abundancia-versus-escasez","9":"category-articulo-destacado-espanol","10":"category-capitalismo","11":"category-clases","12":"category-derechos-de-los-inmigrantes","13":"category-desempleo","14":"category-ideas-revolucionarias-conciencia","15":"category-pobreza_capitalist_class_system","16":"category-sistema-de-clase-capitalista","17":"category-spotlight-english-es"},"aioseo_notices":[],"jetpack_featured_media_url":"https:\/\/i0.wp.com\/rally-theleague.org\/wp-content\/uploads\/2024\/05\/Migrants_drawing_01_1200px_FEATURED.jpg?fit=1200%2C675&ssl=1","_links":{"self":[{"href":"https:\/\/rally-theleague.org\/es\/wp-json\/wp\/v2\/posts\/7626","targetHints":{"allow":["GET"]}}],"collection":[{"href":"https:\/\/rally-theleague.org\/es\/wp-json\/wp\/v2\/posts"}],"about":[{"href":"https:\/\/rally-theleague.org\/es\/wp-json\/wp\/v2\/types\/post"}],"author":[{"embeddable":true,"href":"https:\/\/rally-theleague.org\/es\/wp-json\/wp\/v2\/users\/2"}],"replies":[{"embeddable":true,"href":"https:\/\/rally-theleague.org\/es\/wp-json\/wp\/v2\/comments?post=7626"}],"version-history":[{"count":1,"href":"https:\/\/rally-theleague.org\/es\/wp-json\/wp\/v2\/posts\/7626\/revisions"}],"predecessor-version":[{"id":7628,"href":"https:\/\/rally-theleague.org\/es\/wp-json\/wp\/v2\/posts\/7626\/revisions\/7628"}],"wp:featuredmedia":[{"embeddable":true,"href":"https:\/\/rally-theleague.org\/es\/wp-json\/wp\/v2\/media\/7605"}],"wp:attachment":[{"href":"https:\/\/rally-theleague.org\/es\/wp-json\/wp\/v2\/media?parent=7626"}],"wp:term":[{"taxonomy":"category","embeddable":true,"href":"https:\/\/rally-theleague.org\/es\/wp-json\/wp\/v2\/categories?post=7626"},{"taxonomy":"post_tag","embeddable":true,"href":"https:\/\/rally-theleague.org\/es\/wp-json\/wp\/v2\/tags?post=7626"}],"curies":[{"name":"wp","href":"https:\/\/api.w.org\/{rel}","templated":true}]}}