{"id":7665,"date":"2024-06-27T00:35:00","date_gmt":"2024-06-27T00:35:00","guid":{"rendered":"https:\/\/rally-theleague.org\/juneteenth-celebration-and-continued-struggle\/"},"modified":"2024-07-10T22:49:14","modified_gmt":"2024-07-10T22:49:14","slug":"juneteenth-celebracion-y-lucha-continua","status":"publish","type":"post","link":"https:\/\/rally-theleague.org\/es\/juneteenth-celebracion-y-lucha-continua\/","title":{"rendered":"Juneteenth:\u00a0 Celebraci\u00f3n y lucha continua"},"content":{"rendered":"\n<figure class=\"wp-block-image size-large\"><img data-recalc-dims=\"1\" decoding=\"async\" width=\"696\" height=\"392\" loading=\"lazy\" src=\"https:\/\/i0.wp.com\/rally-theleague.org\/wp-content\/uploads\/2024\/06\/Juneteenth_2024_06_27_1200px.jpg?resize=696%2C392&#038;ssl=1\" alt=\"celebraci\u00f3n de\u00a0Juneteenth y por justicia \u00a0para\u00a0George Floyd\" class=\"wp-image-7645\" srcset=\"https:\/\/i0.wp.com\/rally-theleague.org\/wp-content\/uploads\/2024\/06\/Juneteenth_2024_06_27_1200px.jpg?resize=1024%2C576&amp;ssl=1 1024w, https:\/\/i0.wp.com\/rally-theleague.org\/wp-content\/uploads\/2024\/06\/Juneteenth_2024_06_27_1200px.jpg?resize=300%2C169&amp;ssl=1 300w, https:\/\/i0.wp.com\/rally-theleague.org\/wp-content\/uploads\/2024\/06\/Juneteenth_2024_06_27_1200px.jpg?resize=768%2C432&amp;ssl=1 768w, https:\/\/i0.wp.com\/rally-theleague.org\/wp-content\/uploads\/2024\/06\/Juneteenth_2024_06_27_1200px.jpg?resize=150%2C84&amp;ssl=1 150w, https:\/\/i0.wp.com\/rally-theleague.org\/wp-content\/uploads\/2024\/06\/Juneteenth_2024_06_27_1200px.jpg?resize=696%2C392&amp;ssl=1 696w, https:\/\/i0.wp.com\/rally-theleague.org\/wp-content\/uploads\/2024\/06\/Juneteenth_2024_06_27_1200px.jpg?resize=1068%2C601&amp;ssl=1 1068w, https:\/\/i0.wp.com\/rally-theleague.org\/wp-content\/uploads\/2024\/06\/Juneteenth_2024_06_27_1200px.jpg?w=1200&amp;ssl=1 1200w\" sizes=\"auto, (max-width: 696px) 100vw, 696px\" \/><figcaption class=\"wp-element-caption\"><em>Brooklyn,Brooklyn, New York \u2013 June 19, 2020- celebraci\u00f3n de\u00a0Juneteenth y por justicia \u00a0para\u00a0George Floyd<\/em><br><em>Foto \/ Shutterstock<\/em><\/figcaption><\/figure>\n\n\n\n<p class=\"\">Abraham Lincoln emiti\u00f3 la Declaraci\u00f3n de Emancipaci\u00f3n el 1 de enero de 1863, a mitad de la Guerra Civil.&nbsp; La guerra se hab\u00eda librado para determinar qu\u00e9 forma de dominio capitalista prevalecer\u00eda sobre el pa\u00eds, si una basada en el trabajo esclavo o una basada en el trabajo asalariado.&nbsp; Pasar\u00edan dos a\u00f1os m\u00e1s antes de que la abolici\u00f3n llegara a Texas y los esclavizados de Galveston recibieran la inesperada buena noticia de su libertad.&nbsp; La &#8220;libertad&#8221;, sin embargo, era condicional.&nbsp; La Orden General N.\u00ba 3 dec\u00eda que &#8220;la conexi\u00f3n hasta ahora existente [entre] antiguos amos y esclavos&#8221; se convertir\u00eda en &#8220;la existente entre empleador y mano de obra contratada&#8221; y &#8220;se aconseja a los libertos que permanezcan tranquilamente en sus actuales hogares y trabajen a cambio de un salario.&#8221;&nbsp; Los antiguos esclavos deb\u00edan ser empleados &#8220;para que la presente cosecha pueda ser asegurada&#8221; pero estar\u00edan obligados a viajar con pases o permisos expedidos por sus empleadores.&nbsp; As\u00ed pues, la &#8220;libertad&#8221;, sin duda un paso adelante en la suerte de los antiguos esclavos, era en verdad un concepto y una realidad relativos.<\/p>\n\n\n\n<p class=\"\">Es esta fecha de la Orden General N.\u00ba 3, el 19 de junio de 1863, la que celebramos como Juneteenth.&nbsp; Muchos de los esclavos de Texas (que ya era un estado esclavista) hab\u00edan sido llevados all\u00ed por &#8220;amos&#8221; que esperaban poner distancia entre ellos y el ej\u00e9rcito de la Uni\u00f3n.&nbsp; Juneteenth marc\u00f3 una nueva apertura cr\u00edtica en la lucha por la libertad, una declaraci\u00f3n formal en una lucha que se libraba desde el nacimiento del pa\u00eds, construido en gran parte sobre el trabajo forzoso y no remunerado.&nbsp; El movimiento antiesclavista ten\u00eda m\u00faltiples frentes, pero el m\u00e1s importante era la resistencia que presentaban los propios esclavos en forma de sabotaje, huida, rebeli\u00f3n y lucha organizada.&nbsp; Entre los siglos 17 y 19, los africanos y afroamericanos esclavizados planificaron y llevaron a cabo cientos de revueltas.<\/p>\n\n\n\n<p class=\"\">Desde que el terremoto hist\u00f3rico de la Revoluci\u00f3n haitiana reorden\u00f3 el mapa social (y otros mapas) de finales del siglo XVIII y principios del XIX, los esclavistas, terratenientes y otros capitalistas lucr\u00e1ndose de la esclavitud viv\u00edan con un miedo atroz a los levantamientos de los esclavos.&nbsp; La Revoluci\u00f3n Francesa, a la que est\u00e1 vinculada la Revoluci\u00f3n Haitiana, no s\u00f3lo supuso la sentencia de muerte de la sociedad feudal aristocr\u00e1tica.&nbsp; La sociedad burguesa ascendente tambi\u00e9n tem\u00eda a los trabajadores, y el espectro del levantamiento de la mano de obra esclava negra en su propio beneficio le produc\u00eda escalofr\u00edos.&nbsp; En Estados Unidos, la represi\u00f3n contra la resistencia de los esclavos fue salvaje.&nbsp; Esta represi\u00f3n se extendi\u00f3 a sus aliados, que inclu\u00edan a los obreros y trabajadores blancos del Sur y a otros del Norte que se opon\u00edan a la esclavitud ideol\u00f3gicamente o por razones pr\u00e1cticas, al entender que la labor esclavista socavaba el sustento, el nivel de vida y los derechos de todos los trabajadores.<\/p>\n\n\n\n<p class=\"\">Un estudio de 2019 revel\u00f3 que de las 4.467 personas linchadas en Estados Unidos entre 1883 y 1941, 1.082 eran gente blanca (Seguin, Charles; Rigby, David, &#8220;National Crimes: A New National Data Set of Lynchings in the United States, 1883 to 1941&#8221;).&nbsp;&nbsp; El Ku Klux Klan naci\u00f3 tras la Guerra Civil y surgi\u00f3 en el periodo posterior a la Reconstrucci\u00f3n, cuando el capital del Norte y el capital del Sur hicieron un pacto para mejor explotar a los trabajadores de todo el pa\u00eds, utilizando la divisi\u00f3n social en base al color del obrero para debilitar la organizaci\u00f3n laboral (y, por tanto, los salarios) y la resistencia de los trabajadores en todas partes.&nbsp; Jim Crow\u2014el terror absoluto, desenfrenado y despiadado\u2014se instaur\u00f3 en el periodo posterior a la Reconstrucci\u00f3n.&nbsp; Incluso con el desmantelamiento formal de esta forma estadounidense de apartheid y represi\u00f3n sancionada, el terror contin\u00faa hasta nuestros d\u00edas, ya sea a trav\u00e9s de fuerzas institucionales, como la polic\u00eda, el sistema judicial y el encarcelamiento masivo, o de la chusma fascista extralegal.<\/p>\n\n\n\n<p class=\"\">El Jim Crow del siglo XIX ha desaparecido, pero su progenie sigue imponiendo su horrible obra, desde la masacre de Tulsa hace un siglo, hasta el asesinato de cuatro ni\u00f1as en una iglesia baptista de Birmingham hace m\u00e1s de medio siglo, pasando por el asesinato de George Floyd, Breonna Taylor y tantos m\u00e1s en tiempos recientes.&nbsp; As\u00ed pues, la lucha por la libertad verdadera y completa de los afroamericanos contin\u00faa hasta nuestros d\u00edas.&nbsp; Como antes, no se puede ganar mientras la clase dominante consiga dividir a los trabajadores, a los negros de los blancos, los nacidos en el pa\u00eds de los inmigrantes, los documentados de los indocumentados.&nbsp; Juneteenth se convirti\u00f3 en un d\u00eda feriado federal en 2021, gracias a la voluntad pol\u00edtica de la rebeli\u00f3n multirracial de 2020 contra el racismo sist\u00e9mico, que exigi\u00f3 el fin de los asesinatos de personas negras a manos de la polic\u00eda y la transferencia de fondos gubernamentales del apoyo a la violencia de Estado a las necesidades humanas esenciales.<\/p>\n\n\n\n<p class=\"\">En \u00faltima instancia, la libertad frente a la necesidad no puede darse mientras una peque\u00f1a clase de propietarios controle la sociedad.&nbsp; La gente lucha por sus hogares, por una Tierra sostenible, por una alimentaci\u00f3n sana y asequible, por atenci\u00f3n m\u00e9dica, educaci\u00f3n y cultura. &nbsp;Los afroamericanos y otras personas de color siguen estando desproporcionadamente desfavorecidos en casi todos los \u00e1mbitos, mientras persisten el trabajo infantil y otras formas de trabajo forzoso y no remunerado.&nbsp; Tenemos que seguir luchando para hacer plenamente realidad la promesa de Juneteenth.<\/p>\n\n\n\n<p class=\"\"><strong>Publicado el 27 de junio de 2024<\/strong><br>Este art\u00edculo se origin\u00f3 en Rally!<br>CORREOS. Box 477113 Chicago, IL 60647\u00a0<a href=\"mailto:rally@lrna.org\"><strong>rally@lrna.org<\/strong><\/a><br>Libre de reproducir a menos que se indique lo contrario.<br>Incluya este mensaje con cualquier reproducci\u00f3n.<\/p>\n","protected":false},"excerpt":{"rendered":"<p>Abraham Lincoln emiti\u00f3 la Declaraci\u00f3n de Emancipaci\u00f3n el 1 de enero de 1863, a mitad de la Guerra Civil.\u00a0 La guerra se hab\u00eda librado para determinar qu\u00e9 forma de dominio capitalista prevalecer\u00eda sobre el pa\u00eds, si una basada en el trabajo esclavo o una basada en el trabajo asalariado.\u00a0<\/p>\n","protected":false},"author":2,"featured_media":7646,"comment_status":"closed","ping_status":"open","sticky":false,"template":"","format":"standard","meta":{"nf_dc_page":"","footnotes":""},"categories":[339,200,233,259,231,206,227,202,228,225,198,357,359],"tags":[],"class_list":{"0":"post-7665","1":"post","2":"type-post","3":"status-publish","4":"format-standard","5":"has-post-thumbnail","7":"category-articulo-destacado-espanol","8":"category-capitalismo","9":"category-conciencia-de-clase","10":"category-featured-es","11":"category-ideas-revolucionarias-conciencia","12":"category-movimientos","13":"category-pobreza_race-class_gender","14":"category-pobreza_capitalist_class_system","15":"category-racismo","16":"category-raza-clase-genero","17":"category-sistema-de-clase-capitalista","18":"category-spotlight-english-es","19":"category-violencia-policial-y-abolicion"},"aioseo_notices":[],"jetpack_featured_media_url":"https:\/\/i0.wp.com\/rally-theleague.org\/wp-content\/uploads\/2024\/06\/Juneteenth_2024_06_27_1200px.jpg?fit=1200%2C675&ssl=1","_links":{"self":[{"href":"https:\/\/rally-theleague.org\/es\/wp-json\/wp\/v2\/posts\/7665","targetHints":{"allow":["GET"]}}],"collection":[{"href":"https:\/\/rally-theleague.org\/es\/wp-json\/wp\/v2\/posts"}],"about":[{"href":"https:\/\/rally-theleague.org\/es\/wp-json\/wp\/v2\/types\/post"}],"author":[{"embeddable":true,"href":"https:\/\/rally-theleague.org\/es\/wp-json\/wp\/v2\/users\/2"}],"replies":[{"embeddable":true,"href":"https:\/\/rally-theleague.org\/es\/wp-json\/wp\/v2\/comments?post=7665"}],"version-history":[{"count":1,"href":"https:\/\/rally-theleague.org\/es\/wp-json\/wp\/v2\/posts\/7665\/revisions"}],"predecessor-version":[{"id":7667,"href":"https:\/\/rally-theleague.org\/es\/wp-json\/wp\/v2\/posts\/7665\/revisions\/7667"}],"wp:featuredmedia":[{"embeddable":true,"href":"https:\/\/rally-theleague.org\/es\/wp-json\/wp\/v2\/media\/7646"}],"wp:attachment":[{"href":"https:\/\/rally-theleague.org\/es\/wp-json\/wp\/v2\/media?parent=7665"}],"wp:term":[{"taxonomy":"category","embeddable":true,"href":"https:\/\/rally-theleague.org\/es\/wp-json\/wp\/v2\/categories?post=7665"},{"taxonomy":"post_tag","embeddable":true,"href":"https:\/\/rally-theleague.org\/es\/wp-json\/wp\/v2\/tags?post=7665"}],"curies":[{"name":"wp","href":"https:\/\/api.w.org\/{rel}","templated":true}]}}